{"id":73592,"date":"2023-02-07T01:27:40","date_gmt":"2023-02-07T01:27:40","guid":{"rendered":"https:\/\/jorgezanoni.com.br\/2019\/?p=73592"},"modified":"2023-02-07T01:27:40","modified_gmt":"2023-02-07T01:27:40","slug":"policia-civil-prende-cinco-suspeitos-de-integrar-organizacao-criminosa-em-dracena","status":"publish","type":"post","link":"https:\/\/jorgezanoni.com.br\/2019\/policia-civil-prende-cinco-suspeitos-de-integrar-organizacao-criminosa-em-dracena\/","title":{"rendered":"Pol\u00edcia Civil prende cinco suspeitos de integrar organiza\u00e7\u00e3o criminosa em Dracena"},"content":{"rendered":"<p style=\"text-align: justify;\"><strong>Durante opera\u00e7\u00e3o policial denominada \u201cLEX TERRAM\u201d quatro homens e uma mulher foram presos em decorr\u00eancia de cumprimentos de mandados de pris\u00e3o preventiva.<\/strong><\/p>\n<p style=\"text-align: justify;\">A Pol\u00edcia Civil, por interm\u00e9dio da Unidades Especializadas (Delegacia de Investiga\u00e7\u00f5es Gerais &#8211; DIG e Delegacia de Investiga\u00e7\u00f5es Sobre Entorpecentes &#8211; DISE), prendeu nesta segunda-feira (6), cinco pessoas suspeitas de fazer parte uma organiza\u00e7\u00e3o criminosa que age dentro e foras dos pres\u00eddios do Estado. Durante a a\u00e7\u00e3o policial denominada \u201cLEX TERRAM\u201d foram presos uma mulher, de 31 anos, e quatros homens com idades de 23, 27, 31 e 47 anos.<\/p>\n<p style=\"text-align: justify;\">A deflagra\u00e7\u00e3o da opera\u00e7\u00e3o que culminou nos cumprimentos dos mandados de pris\u00e3o preventiva, ocorreu ap\u00f3s uma sequ\u00eancia de investiga\u00e7\u00f5es, iniciadas no meado m\u00eas de julho passado, quando a mulher presa foi nesta manh\u00e3, ter sido surpreendida por agentes penais ao sair da Penitenciaria de Dracena com v\u00e1rios manuscritos escondidos sob suas vestes. A acusada \u00e9 amasia do homem, de 23 anos, que tamb\u00e9m foi preso nesta segunda-feira (6), e os manuscritos apreendidos naquela ocasi\u00e3o continhas informa\u00e7\u00f5es relacionados a uma fac\u00e7\u00e3o criminosa que age dentro e fora dos pres\u00eddios paulista.<\/p>\n<p style=\"text-align: justify;\">Diante do andamento do avan\u00e7o dos trabalhos investigativos realizados a Pol\u00edcia Civil representou ao Poder Judici\u00e1rio de Dracena pelo pedido de pris\u00e3o preventiva do casal investigado e de mais outros tr\u00eas suspeitos, totalizando cinco pris\u00f5es decretadas em cumpridas.<\/p>\n<p style=\"text-align: justify;\">A pris\u00e3o da mulher aconteceu no bairro Vit\u00f3ria R\u00e9gia, em Dracena, e ela n\u00e3o ofereceu resist\u00eancia. Sendo posteriormente, conduzida a unidade policial para formaliza\u00e7\u00e3o dos atos de pol\u00edcia judici\u00e1ria e audi\u00eancia de cust\u00f3dia.<\/p>\n<p style=\"text-align: justify;\">Os demais acusados j\u00e1 se encontravam presos no sistema carcer\u00e1rio por outros crimes diversos. E os respectivos mandados de pris\u00e3o foram cumpridos nas Penitenci\u00e1rias Lav\u00ednia I, Pacaembu, Mirand\u00f3polis II e Martin\u00f3polis.<\/p>\n<p style=\"text-align: justify;\">A deriva\u00e7\u00e3o do nome da opera\u00e7\u00e3o policial \u201c\u201cLEX TERRAM\u201d\u201d, significa terra com lei, ou seja, o poder de punir do Estado e que todos t\u00eam de seguir os ditames das leis.<\/p>\n<p style=\"text-align: justify;\">Fonte: Comunica\u00e7\u00e3o Social Pol\u00edcia Civil<\/p>\n","protected":false},"excerpt":{"rendered":"<p>Durante opera\u00e7\u00e3o policial denominada \u201cLEX TERRAM\u201d quatro homens e uma mulher foram presos em decorr\u00eancia de cumprimentos de mandados de pris\u00e3o preventiva. A Pol\u00edcia Civil, por interm\u00e9dio da Unidades Especializadas (Delegacia de Investiga\u00e7\u00f5es Gerais &#8211; DIG e Delegacia de Investiga\u00e7\u00f5es Sobre Entorpecentes &#8211; DISE), prendeu nesta segunda-feira (6), cinco pessoas suspeitas de fazer parte uma [&hellip;]<\/p>\n","protected":false},"author":1,"featured_media":73593,"comment_status":"closed","ping_status":"open","sticky":false,"template":"","format":"standard","meta":{"footnotes":""},"categories":[110,2],"tags":[],"class_list":["post-73592","post","type-post","status-publish","format-standard","has-post-thumbnail","hentry","category-noticiasdestaque","category-policial"],"_links":{"self":[{"href":"https:\/\/jorgezanoni.com.br\/2019\/wp-json\/wp\/v2\/posts\/73592","targetHints":{"allow":["GET"]}}],"collection":[{"href":"https:\/\/jorgezanoni.com.br\/2019\/wp-json\/wp\/v2\/posts"}],"about":[{"href":"https:\/\/jorgezanoni.com.br\/2019\/wp-json\/wp\/v2\/types\/post"}],"author":[{"embeddable":true,"href":"https:\/\/jorgezanoni.com.br\/2019\/wp-json\/wp\/v2\/users\/1"}],"replies":[{"embeddable":true,"href":"https:\/\/jorgezanoni.com.br\/2019\/wp-json\/wp\/v2\/comments?post=73592"}],"version-history":[{"count":1,"href":"https:\/\/jorgezanoni.com.br\/2019\/wp-json\/wp\/v2\/posts\/73592\/revisions"}],"predecessor-version":[{"id":73594,"href":"https:\/\/jorgezanoni.com.br\/2019\/wp-json\/wp\/v2\/posts\/73592\/revisions\/73594"}],"wp:featuredmedia":[{"embeddable":true,"href":"https:\/\/jorgezanoni.com.br\/2019\/wp-json\/wp\/v2\/media\/73593"}],"wp:attachment":[{"href":"https:\/\/jorgezanoni.com.br\/2019\/wp-json\/wp\/v2\/media?parent=73592"}],"wp:term":[{"taxonomy":"category","embeddable":true,"href":"https:\/\/jorgezanoni.com.br\/2019\/wp-json\/wp\/v2\/categories?post=73592"},{"taxonomy":"post_tag","embeddable":true,"href":"https:\/\/jorgezanoni.com.br\/2019\/wp-json\/wp\/v2\/tags?post=73592"}],"curies":[{"name":"wp","href":"https:\/\/api.w.org\/{rel}","templated":true}]}}