{"id":73589,"date":"2023-02-07T01:19:25","date_gmt":"2023-02-07T01:19:25","guid":{"rendered":"https:\/\/jorgezanoni.com.br\/2019\/?p=73589"},"modified":"2023-02-07T01:19:25","modified_gmt":"2023-02-07T01:19:25","slug":"policia-militar-prende-homem-por-furto-e-recupera-produto-em-dracena-2","status":"publish","type":"post","link":"https:\/\/jorgezanoni.com.br\/2019\/policia-militar-prende-homem-por-furto-e-recupera-produto-em-dracena-2\/","title":{"rendered":"Pol\u00edcia Militar prende homem por furto e recupera produto em Dracena"},"content":{"rendered":"<p style=\"text-align: justify;\">Na data de ontem (05) por volta das 18h durante patrulhamento de For\u00e7a T\u00e1tica foi avistado o indiciado (homem 20 anos) na rua Vit\u00f3ria x rua Joaquina Maria Andr\u00e9 em Dracena carregando uma tv 50 polegadas Samsung nas costas em atitude suspeita, quando realizada a abordagem e durante a entrevista confessou que havia furtado juntamente com outro indiv\u00edduo uma casa no centro. Em dilig\u00eancia foi logrado em localizar o indiciado (28 anos) na rua Cear\u00e1 s\/n\u00b0, momento que foi deslocado ao local furtado e deparamos com a porta dos fundos arrombada, bem como uma porta de um quartinho dos fundos, foi efetuado contato com os moradores que estavam viajando, comparecendo uma funcion\u00e1ria no local.<br \/>\nOs indiciados foram conduzidos ao plant\u00e3o policial de Dracena onde o indiciado (20 anos) permaneceu a disposi\u00e7\u00e3o da Justi\u00e7a.<\/p>\n<p style=\"text-align: justify;\">\n#25bpmi<br \/>\n#cpi8<br \/>\n#POLICIAMILITARSP<br \/>\n#AFOR\u00c7AP\u00daBLICADES\u00c3OPAULO<br \/>\nComunica\u00e7\u00e3o Social do 25BPMI e regi\u00e3o<\/p>\n","protected":false},"excerpt":{"rendered":"<p>Na data de ontem (05) por volta das 18h durante patrulhamento de For\u00e7a T\u00e1tica foi avistado o indiciado (homem 20 anos) na rua Vit\u00f3ria x rua Joaquina Maria Andr\u00e9 em Dracena carregando uma tv 50 polegadas Samsung nas costas em atitude suspeita, quando realizada a abordagem e durante a entrevista confessou que havia furtado juntamente [&hellip;]<\/p>\n","protected":false},"author":1,"featured_media":73590,"comment_status":"closed","ping_status":"open","sticky":false,"template":"","format":"standard","meta":{"footnotes":""},"categories":[110,2],"tags":[],"class_list":["post-73589","post","type-post","status-publish","format-standard","has-post-thumbnail","hentry","category-noticiasdestaque","category-policial"],"_links":{"self":[{"href":"https:\/\/jorgezanoni.com.br\/2019\/wp-json\/wp\/v2\/posts\/73589","targetHints":{"allow":["GET"]}}],"collection":[{"href":"https:\/\/jorgezanoni.com.br\/2019\/wp-json\/wp\/v2\/posts"}],"about":[{"href":"https:\/\/jorgezanoni.com.br\/2019\/wp-json\/wp\/v2\/types\/post"}],"author":[{"embeddable":true,"href":"https:\/\/jorgezanoni.com.br\/2019\/wp-json\/wp\/v2\/users\/1"}],"replies":[{"embeddable":true,"href":"https:\/\/jorgezanoni.com.br\/2019\/wp-json\/wp\/v2\/comments?post=73589"}],"version-history":[{"count":1,"href":"https:\/\/jorgezanoni.com.br\/2019\/wp-json\/wp\/v2\/posts\/73589\/revisions"}],"predecessor-version":[{"id":73591,"href":"https:\/\/jorgezanoni.com.br\/2019\/wp-json\/wp\/v2\/posts\/73589\/revisions\/73591"}],"wp:featuredmedia":[{"embeddable":true,"href":"https:\/\/jorgezanoni.com.br\/2019\/wp-json\/wp\/v2\/media\/73590"}],"wp:attachment":[{"href":"https:\/\/jorgezanoni.com.br\/2019\/wp-json\/wp\/v2\/media?parent=73589"}],"wp:term":[{"taxonomy":"category","embeddable":true,"href":"https:\/\/jorgezanoni.com.br\/2019\/wp-json\/wp\/v2\/categories?post=73589"},{"taxonomy":"post_tag","embeddable":true,"href":"https:\/\/jorgezanoni.com.br\/2019\/wp-json\/wp\/v2\/tags?post=73589"}],"curies":[{"name":"wp","href":"https:\/\/api.w.org\/{rel}","templated":true}]}}