{"id":73538,"date":"2023-02-05T13:51:59","date_gmt":"2023-02-05T13:51:59","guid":{"rendered":"https:\/\/jorgezanoni.com.br\/2019\/?p=73538"},"modified":"2023-02-05T13:51:59","modified_gmt":"2023-02-05T13:51:59","slug":"mais-conforto-para-associados-sicredi-reinaugura-agencia-em-bauru-sp","status":"publish","type":"post","link":"https:\/\/jorgezanoni.com.br\/2019\/mais-conforto-para-associados-sicredi-reinaugura-agencia-em-bauru-sp\/","title":{"rendered":"Mais conforto para associados: Sicredi reinaugura ag\u00eancia em Bauru\/SP"},"content":{"rendered":"<p class=\"v1MsoNormal\" style=\"text-align: justify;\" align=\"center\"><strong><i>Moderniza\u00e7\u00e3o do espa\u00e7o localizado no Hospital Unimed fortalece o princ\u00edpio de intercoopera\u00e7\u00e3o e garante experi\u00eancia ainda mais colaborativa para os associados.<\/i><\/strong><\/p>\n<p class=\"v1MsoNormal\" style=\"text-align: justify;\" align=\"center\">Valorizando o relacionamento pr\u00f3ximo e com o objetivo de oferecer cada vez mais comodidade aos associados, a Sicredi Centro Oeste Paulista reinaugurou, na sexta-feira (3), a ag\u00eancia localizada na avenida Doutor Arnaldo Prado Curvello, 10-110 &#8211; Rod. Bauru\/Ja\u00fa, km 226, dentro do Hospital da Unimed de Bauru\/SP.<\/p>\n<p class=\"v1MsoNormal\" style=\"text-align: justify;\">A ag\u00eancia, que comemorou nove anos no \u00faltimo dia 24\/01, conta com um design novo, no padr\u00e3o das ag\u00eancias do Sicredi, possibilitando uma experi\u00eancia ainda mais colaborativa entre os associados e a equipe da cooperativa. &#8220;O espa\u00e7o conta com dois terminais de autoatendimento, sendo que um deles pode ser usado pelos associados para fazer dep\u00f3sitos que creditam na hora na conta corrente, mesmo fora do hor\u00e1rio de expediente&#8221;, comenta o Diretor Executivo da Sicredi Centro Oeste Paulista, Ildo Wilde. Dois colaboradores tamb\u00e9m ficam ao dispor da comunidade durante o expediente banc\u00e1rio.<\/p>\n<p class=\"v1MsoNormal\" style=\"text-align: justify;\">&#8220;Com os nossos investimentos para a moderniza\u00e7\u00e3o da ag\u00eancia, fortalecemos a intercoopera\u00e7\u00e3o, princ\u00edpio essencial do cooperativismo. S\u00e3o benef\u00edcios compartilhados tanto para a Sicredi Centro Oeste Paulista quanto para a Unimed, importante cooperativa de sa\u00fade na nossa regi\u00e3o. Uma maneira de proporcionar cada vez mais desenvolvimento social e econ\u00f4mico nas regi\u00f5es onde atuamos&#8221;, destaca o presidente da Sicredi Centro Oeste Paulista, Jo\u00e3o Salvi.<\/p>\n<p class=\"v1MsoNormal\" style=\"text-align: justify;\">Com mais de 45 mil associados, a Sicredi Centro Oeste Paulista segue expandindo sua atua\u00e7\u00e3o no estado de S\u00e3o Paulo com 19 ag\u00eancias e escrit\u00f3rios de neg\u00f3cios entre as cidades de Brotas e Panorama. &#8220;Oferecemos diversas op\u00e7\u00f5es de inova\u00e7\u00e3o e atendimento digital para os nossos associados, mas acreditamos tamb\u00e9m na for\u00e7a do contato pessoal e direto em nossas ag\u00eancias f\u00edsicas. Por esse motivo, mantemos nosso plano de amplia\u00e7\u00e3o, com novas inaugura\u00e7\u00f5es j\u00e1 previstas para 2023&#8221;, finaliza o presidente, Jo\u00e3o Salvi.<\/p>\n<p class=\"v1MsoNormal\" style=\"text-align: justify;\"><b><i>Sobre o Sicredi<\/i><\/b><b><i><\/i><\/b><\/p>\n<p class=\"v1MsoNormal\" style=\"text-align: justify;\"><i>O Sicredi \u00e9 uma institui\u00e7\u00e3o financeira cooperativa comprometida com o crescimento de seus associados e com o desenvolvimento das regi\u00f5es onde atua. Possui um modelo de gest\u00e3o que valoriza a participa\u00e7\u00e3o dos mais de 6,4 milh\u00f5es de associados, que exercem o papel de donos do neg\u00f3cio. Com mais de 2.400 ag\u00eancias, o Sicredi est\u00e1 presente fisicamente em todos os estados brasileiros e no Distrito Federal, disponibilizando mais de 300 produtos e servi\u00e7os financeiros.<\/i><i><\/i><\/p>\n<p class=\"v1MsoNormal\" style=\"text-align: justify;\"><i>Site do Sicredi:<\/i><a href=\"http:\/\/www.sicredi.com.br\/site\" target=\"_blank\" rel=\"noopener noreferrer\"><i>\u00a0<\/i><\/a><a href=\"http:\/\/www.sicredi.com.br\/site\" target=\"_blank\" rel=\"noopener noreferrer\"><i>Clique aqui<\/i><\/a><i><u><\/u><\/i><\/p>\n<p class=\"v1MsoNormal\" style=\"text-align: justify;\"><i>Redes Sociais:<\/i>\u00a0<a href=\"http:\/\/www.facebook.com\/sicredicentrooestepaulista\" target=\"_blank\" rel=\"noopener noreferrer\"><i>Facebook<\/i><\/a><i>\u00a0|<\/i>\u00a0<a href=\"https:\/\/www.linkedin.com\/company\/sicredi-centro-oeste-paulista\/\" target=\"_blank\" rel=\"noopener noreferrer\"><i>LinkedIn<\/i><\/a><i>\u00a0|<\/i>\u00a0<a href=\"http:\/\/www.youtube.com\/sicredicentrooestepaulista\" target=\"_blank\" rel=\"noopener noreferrer\"><i>YouTube<\/i><\/a>\u00a0<i>|\u00a0<\/i><a href=\"http:\/\/www.instagram.com\/sicredicentrooestepaulista\" target=\"_blank\" rel=\"noopener noreferrer\"><i>Instagram<\/i><\/a><\/p>\n<p class=\"v1MsoNormal\" style=\"text-align: justify;\"><b>INFORMA\u00c7\u00d5ES RELEVANTES:<\/b><b><\/b><\/p>\n<p><img loading=\"lazy\" decoding=\"async\" class=\"alignnone size-full wp-image-73539\" src=\"https:\/\/jorgezanoni.com.br\/2019\/wp-content\/uploads\/2023\/02\/Diretores-e-Colaboradores-do-Sicredi-Pequeno.jpg\" alt=\"\" width=\"720\" height=\"480\" srcset=\"https:\/\/jorgezanoni.com.br\/2019\/wp-content\/uploads\/2023\/02\/Diretores-e-Colaboradores-do-Sicredi-Pequeno.jpg 720w, https:\/\/jorgezanoni.com.br\/2019\/wp-content\/uploads\/2023\/02\/Diretores-e-Colaboradores-do-Sicredi-Pequeno-300x200.jpg 300w, https:\/\/jorgezanoni.com.br\/2019\/wp-content\/uploads\/2023\/02\/Diretores-e-Colaboradores-do-Sicredi-Pequeno-696x464.jpg 696w, https:\/\/jorgezanoni.com.br\/2019\/wp-content\/uploads\/2023\/02\/Diretores-e-Colaboradores-do-Sicredi-Pequeno-630x420.jpg 630w\" sizes=\"auto, (max-width: 720px) 100vw, 720px\" \/><\/p>\n<p class=\"v1MsoNormal\" style=\"text-align: justify;\"><b>Foto &#8220;Diretores e Colaboradores do Sicredi&#8221;:<\/b> Da esquerda para direita: Ildo Wilde (Diretor Executivo), Jos\u00e9 Osmar Rodrigues (Gerente da Ag\u00eancia), Brenno Murakami (Assistente Administrativo), Veridiana Freitas (Gerente de Neg\u00f3cios) e Marcos Morais (Gerente Administrativo Financeiro)<\/p>\n<p><img loading=\"lazy\" decoding=\"async\" class=\"alignnone size-full wp-image-73541\" src=\"https:\/\/jorgezanoni.com.br\/2019\/wp-content\/uploads\/2023\/02\/Intercooperacao-entre-Sicredi-e-Unimed-Bauru-comemora-9-anos-Pequeno.jpg\" alt=\"\" width=\"720\" height=\"480\" srcset=\"https:\/\/jorgezanoni.com.br\/2019\/wp-content\/uploads\/2023\/02\/Intercooperacao-entre-Sicredi-e-Unimed-Bauru-comemora-9-anos-Pequeno.jpg 720w, https:\/\/jorgezanoni.com.br\/2019\/wp-content\/uploads\/2023\/02\/Intercooperacao-entre-Sicredi-e-Unimed-Bauru-comemora-9-anos-Pequeno-300x200.jpg 300w, https:\/\/jorgezanoni.com.br\/2019\/wp-content\/uploads\/2023\/02\/Intercooperacao-entre-Sicredi-e-Unimed-Bauru-comemora-9-anos-Pequeno-696x464.jpg 696w, https:\/\/jorgezanoni.com.br\/2019\/wp-content\/uploads\/2023\/02\/Intercooperacao-entre-Sicredi-e-Unimed-Bauru-comemora-9-anos-Pequeno-630x420.jpg 630w\" sizes=\"auto, (max-width: 720px) 100vw, 720px\" \/><\/p>\n<p class=\"v1MsoNormal\" style=\"text-align: justify;\"><b>Foto &#8220;Intercoopera\u00e7\u00e3o entre Sicredi e Unimed Bauru comemora 9 anos&#8221;:\u00a0<\/b>Da esquerda para direita: Marcos Morais (Gerente Administrativo Financeiro \u2013 Sicredi), Antonio Soares (Diretor de Opera\u00e7\u00f5es \u2013 Sicredi), Renato Valentim de Goes (Gerente de RH \u2013 Unimed), Jos\u00e9 Roberto Palhares (Gerente Administrativo \u2013 Unimed), Jo\u00e3o Salvi (Presidente \u2013 Sicredi), Ricardo Berriel (Vice-presidente \u2013 Sicredi), Ildo Wilde (Diretor Executivo \u2013 Sicredi) e Jos\u00e9 Osmar Rodrigues (Gerente da Ag\u00eancia \u2013 Sicredi).<\/p>\n<p class=\"v1MsoNormal\" style=\"text-align: justify;\">Fonte: Assessoria de Comunica\u00e7\u00e3o e Marketing<\/p>\n<div>\n<p class=\"v1MsoNormal\">\n<\/div>\n","protected":false},"excerpt":{"rendered":"<p>Moderniza\u00e7\u00e3o do espa\u00e7o localizado no Hospital Unimed fortalece o princ\u00edpio de intercoopera\u00e7\u00e3o e garante experi\u00eancia ainda mais colaborativa para os associados. Valorizando o relacionamento pr\u00f3ximo e com o objetivo de oferecer cada vez mais comodidade aos associados, a Sicredi Centro Oeste Paulista reinaugurou, na sexta-feira (3), a ag\u00eancia localizada na avenida Doutor Arnaldo Prado Curvello, [&hellip;]<\/p>\n","protected":false},"author":1,"featured_media":73540,"comment_status":"closed","ping_status":"open","sticky":false,"template":"","format":"standard","meta":{"footnotes":""},"categories":[110,116],"tags":[],"class_list":["post-73538","post","type-post","status-publish","format-standard","has-post-thumbnail","hentry","category-noticiasdestaque","category-politicaeeconomia"],"_links":{"self":[{"href":"https:\/\/jorgezanoni.com.br\/2019\/wp-json\/wp\/v2\/posts\/73538","targetHints":{"allow":["GET"]}}],"collection":[{"href":"https:\/\/jorgezanoni.com.br\/2019\/wp-json\/wp\/v2\/posts"}],"about":[{"href":"https:\/\/jorgezanoni.com.br\/2019\/wp-json\/wp\/v2\/types\/post"}],"author":[{"embeddable":true,"href":"https:\/\/jorgezanoni.com.br\/2019\/wp-json\/wp\/v2\/users\/1"}],"replies":[{"embeddable":true,"href":"https:\/\/jorgezanoni.com.br\/2019\/wp-json\/wp\/v2\/comments?post=73538"}],"version-history":[{"count":1,"href":"https:\/\/jorgezanoni.com.br\/2019\/wp-json\/wp\/v2\/posts\/73538\/revisions"}],"predecessor-version":[{"id":73542,"href":"https:\/\/jorgezanoni.com.br\/2019\/wp-json\/wp\/v2\/posts\/73538\/revisions\/73542"}],"wp:featuredmedia":[{"embeddable":true,"href":"https:\/\/jorgezanoni.com.br\/2019\/wp-json\/wp\/v2\/media\/73540"}],"wp:attachment":[{"href":"https:\/\/jorgezanoni.com.br\/2019\/wp-json\/wp\/v2\/media?parent=73538"}],"wp:term":[{"taxonomy":"category","embeddable":true,"href":"https:\/\/jorgezanoni.com.br\/2019\/wp-json\/wp\/v2\/categories?post=73538"},{"taxonomy":"post_tag","embeddable":true,"href":"https:\/\/jorgezanoni.com.br\/2019\/wp-json\/wp\/v2\/tags?post=73538"}],"curies":[{"name":"wp","href":"https:\/\/api.w.org\/{rel}","templated":true}]}}