{"id":73522,"date":"2023-02-04T20:31:15","date_gmt":"2023-02-04T20:31:15","guid":{"rendered":"https:\/\/jorgezanoni.com.br\/2019\/?p=73522"},"modified":"2023-02-04T20:31:15","modified_gmt":"2023-02-04T20:31:15","slug":"policiais-militares-visitam-fa-no-dia-do-aniversario","status":"publish","type":"post","link":"https:\/\/jorgezanoni.com.br\/2019\/policiais-militares-visitam-fa-no-dia-do-aniversario\/","title":{"rendered":"Policiais Militares visitam f\u00e3 no dia do anivers\u00e1rio"},"content":{"rendered":"<p style=\"text-align: justify;\">Um pedido especial<\/p>\n<p style=\"text-align: justify;\">Na data de ontem (3) o pequeno f\u00e3 da Pol\u00edcia Militar Vitor Gabriel Rocha da Cruz de Dracena aniversariou, festejando seus 4 aninhos e pediu para a m\u00e3e ligar 190 para a equipe da Pol\u00edcia ir a sua casa tirar uma foto.<br \/>\nUm pedido desse n\u00e3o pode ser recusado e as policiais Cb PM Keller e Sd PM Tha\u00eds estiveram l\u00e1 e al\u00e9m da foto cantaram parab\u00e9ns para o pequeno.<br \/>\nDeus te aben\u00e7oe Vitor.<br \/>\nParab\u00e9ns de todos os policiais militares do 25\u00ba BPMI.<\/p>\n<p style=\"text-align: justify;\">#25BPMI<br \/>\n#cpi8<br \/>\n#POL\u00cdCIAMILITARSP<br \/>\n#AFOR\u00c7AP\u00daBLICADES\u00c3OPAULO<\/p>\n","protected":false},"excerpt":{"rendered":"<p>Um pedido especial Na data de ontem (3) o pequeno f\u00e3 da Pol\u00edcia Militar Vitor Gabriel Rocha da Cruz de Dracena aniversariou, festejando seus 4 aninhos e pediu para a m\u00e3e ligar 190 para a equipe da Pol\u00edcia ir a sua casa tirar uma foto. Um pedido desse n\u00e3o pode ser recusado e as policiais [&hellip;]<\/p>\n","protected":false},"author":1,"featured_media":73523,"comment_status":"closed","ping_status":"open","sticky":false,"template":"","format":"standard","meta":{"footnotes":""},"categories":[110,2],"tags":[],"class_list":["post-73522","post","type-post","status-publish","format-standard","has-post-thumbnail","hentry","category-noticiasdestaque","category-policial"],"_links":{"self":[{"href":"https:\/\/jorgezanoni.com.br\/2019\/wp-json\/wp\/v2\/posts\/73522","targetHints":{"allow":["GET"]}}],"collection":[{"href":"https:\/\/jorgezanoni.com.br\/2019\/wp-json\/wp\/v2\/posts"}],"about":[{"href":"https:\/\/jorgezanoni.com.br\/2019\/wp-json\/wp\/v2\/types\/post"}],"author":[{"embeddable":true,"href":"https:\/\/jorgezanoni.com.br\/2019\/wp-json\/wp\/v2\/users\/1"}],"replies":[{"embeddable":true,"href":"https:\/\/jorgezanoni.com.br\/2019\/wp-json\/wp\/v2\/comments?post=73522"}],"version-history":[{"count":1,"href":"https:\/\/jorgezanoni.com.br\/2019\/wp-json\/wp\/v2\/posts\/73522\/revisions"}],"predecessor-version":[{"id":73524,"href":"https:\/\/jorgezanoni.com.br\/2019\/wp-json\/wp\/v2\/posts\/73522\/revisions\/73524"}],"wp:featuredmedia":[{"embeddable":true,"href":"https:\/\/jorgezanoni.com.br\/2019\/wp-json\/wp\/v2\/media\/73523"}],"wp:attachment":[{"href":"https:\/\/jorgezanoni.com.br\/2019\/wp-json\/wp\/v2\/media?parent=73522"}],"wp:term":[{"taxonomy":"category","embeddable":true,"href":"https:\/\/jorgezanoni.com.br\/2019\/wp-json\/wp\/v2\/categories?post=73522"},{"taxonomy":"post_tag","embeddable":true,"href":"https:\/\/jorgezanoni.com.br\/2019\/wp-json\/wp\/v2\/tags?post=73522"}],"curies":[{"name":"wp","href":"https:\/\/api.w.org\/{rel}","templated":true}]}}