{"id":73519,"date":"2023-02-04T18:19:46","date_gmt":"2023-02-04T18:19:46","guid":{"rendered":"https:\/\/jorgezanoni.com.br\/2019\/?p=73519"},"modified":"2023-02-04T18:19:46","modified_gmt":"2023-02-04T18:19:46","slug":"capitaes-pm-kihara-e-kheilla-concluem-mestrado-em-ciencias-policiais-de-seguranca-e-ordem-publica","status":"publish","type":"post","link":"https:\/\/jorgezanoni.com.br\/2019\/capitaes-pm-kihara-e-kheilla-concluem-mestrado-em-ciencias-policiais-de-seguranca-e-ordem-publica\/","title":{"rendered":"Capit\u00e3es PM Kihara e Kheilla concluem mestrado em Ci\u00eancias Policiais de Seguran\u00e7a e Ordem P\u00fablica"},"content":{"rendered":"<p style=\"text-align: justify;\">VIG\u00c9SIMO QUINTO BATALH\u00c3O DA POL\u00cdCIA MILITAR, MUNIC\u00cdPIO DE DRACENA, PARABENIZA OS CAPIT\u00c3ES PM KIHARA E KHEYLLA PELA CONCLUS\u00c3O DO MESTRADO EM CI\u00caNCIAS POLICIAIS DE SEGURAN\u00c7A E ORDEM P\u00daBLICA.<\/p>\n<p style=\"text-align: justify;\">Nesta quinta-feira, (02), o Capit\u00e3o PM Alexandre Kihara de Campos e a Capit\u00e3o PM Kheylla Campos, ambos do 25\u00ba BPM\/I, conclu\u00edram o Mestrado Profissional em Ci\u00eancias Policiais de Seguran\u00e7a e Ordem P\u00fablica, desenvolvido pelo Centro de Altos Estudos de Seguran\u00e7a.<br \/>\nO programa de Mestrado profissional em Ci\u00eancias Policiais de Seguran\u00e7a e Ordem P\u00fablica \u00e9 direcionado para a continuidade da forma\u00e7\u00e3o cient\u00edfica, acad\u00eamica e profissional, destinado a graduar os Capit\u00e3es da Pol\u00edcia Militar, capacitando-os \u00e0 pesquisa cient\u00edfica, \u00e0 an\u00e1lise, ao planejamento e ao desenvolvimento, em alto n\u00edvel da atividade profissional de pol\u00edcia ostensiva e de preserva\u00e7\u00e3o da ordem p\u00fablica, tratando-se de um requisito fundamental para que os Capit\u00e3es da Pol\u00edcia Militar sejam promovidos ao posto de Major PM.<br \/>\nParab\u00e9ns e sucesso aos Capit\u00e3es PM Kihara e Kheylla !<\/p>\n<p style=\"text-align: justify;\">#25bpmi<br \/>\n#CPI8<br \/>\n#POL\u00cdCIAMILITARSP<br \/>\n#AFOR\u00c7AP\u00daBLICADES\u00c3OPAULO<br \/>\nCOMUNICA\u00c7\u00c3O SOCIAL DO 25\u00baBPM\/I<\/p>\n","protected":false},"excerpt":{"rendered":"<p>VIG\u00c9SIMO QUINTO BATALH\u00c3O DA POL\u00cdCIA MILITAR, MUNIC\u00cdPIO DE DRACENA, PARABENIZA OS CAPIT\u00c3ES PM KIHARA E KHEYLLA PELA CONCLUS\u00c3O DO MESTRADO EM CI\u00caNCIAS POLICIAIS DE SEGURAN\u00c7A E ORDEM P\u00daBLICA. Nesta quinta-feira, (02), o Capit\u00e3o PM Alexandre Kihara de Campos e a Capit\u00e3o PM Kheylla Campos, ambos do 25\u00ba BPM\/I, conclu\u00edram o Mestrado Profissional em Ci\u00eancias Policiais [&hellip;]<\/p>\n","protected":false},"author":1,"featured_media":73520,"comment_status":"closed","ping_status":"open","sticky":false,"template":"","format":"standard","meta":{"footnotes":""},"categories":[110,2],"tags":[],"class_list":["post-73519","post","type-post","status-publish","format-standard","has-post-thumbnail","hentry","category-noticiasdestaque","category-policial"],"_links":{"self":[{"href":"https:\/\/jorgezanoni.com.br\/2019\/wp-json\/wp\/v2\/posts\/73519","targetHints":{"allow":["GET"]}}],"collection":[{"href":"https:\/\/jorgezanoni.com.br\/2019\/wp-json\/wp\/v2\/posts"}],"about":[{"href":"https:\/\/jorgezanoni.com.br\/2019\/wp-json\/wp\/v2\/types\/post"}],"author":[{"embeddable":true,"href":"https:\/\/jorgezanoni.com.br\/2019\/wp-json\/wp\/v2\/users\/1"}],"replies":[{"embeddable":true,"href":"https:\/\/jorgezanoni.com.br\/2019\/wp-json\/wp\/v2\/comments?post=73519"}],"version-history":[{"count":1,"href":"https:\/\/jorgezanoni.com.br\/2019\/wp-json\/wp\/v2\/posts\/73519\/revisions"}],"predecessor-version":[{"id":73521,"href":"https:\/\/jorgezanoni.com.br\/2019\/wp-json\/wp\/v2\/posts\/73519\/revisions\/73521"}],"wp:featuredmedia":[{"embeddable":true,"href":"https:\/\/jorgezanoni.com.br\/2019\/wp-json\/wp\/v2\/media\/73520"}],"wp:attachment":[{"href":"https:\/\/jorgezanoni.com.br\/2019\/wp-json\/wp\/v2\/media?parent=73519"}],"wp:term":[{"taxonomy":"category","embeddable":true,"href":"https:\/\/jorgezanoni.com.br\/2019\/wp-json\/wp\/v2\/categories?post=73519"},{"taxonomy":"post_tag","embeddable":true,"href":"https:\/\/jorgezanoni.com.br\/2019\/wp-json\/wp\/v2\/tags?post=73519"}],"curies":[{"name":"wp","href":"https:\/\/api.w.org\/{rel}","templated":true}]}}