{"id":73516,"date":"2023-02-04T16:40:19","date_gmt":"2023-02-04T16:40:19","guid":{"rendered":"https:\/\/jorgezanoni.com.br\/2019\/?p=73516"},"modified":"2023-02-04T16:40:19","modified_gmt":"2023-02-04T16:40:19","slug":"ong-arca-de-noe-promove-baile-tunel-do-tempo","status":"publish","type":"post","link":"https:\/\/jorgezanoni.com.br\/2019\/ong-arca-de-noe-promove-baile-tunel-do-tempo\/","title":{"rendered":"ONG Arca de No\u00e9 promove baile &#8220;T\u00fanel do Tempo&#8221;"},"content":{"rendered":"<p style=\"text-align: justify;\">Com objetivo de arrecada\u00e7\u00e3o de fundos para ONG Arca de No\u00e9, que trata de castra\u00e7\u00e3o, socorro e atendimento a maus tratos de animais em Dracena,\u00a0 ralizaremos o baile \u201cTUNEL DO TEMPO\u201d no espa\u00e7o \u00c1rea 18 (antigo Raizes Caf\u00e9) no dia 11\/02\/2023 a partir das 21:00 h.<\/p>\n<p style=\"text-align: justify;\">O evento ser\u00e1 animado pelo DJ Alex On\u00e7a ao som de muita m\u00fasica dos anos 70, 80 e 90 e a alegria vai reinar no cora\u00e7\u00e3o das pessoas que tamb\u00e9m contar\u00e3o com bebidas diversas, por\u00e7\u00f5es e drinks.<\/p>\n<p style=\"text-align: justify;\">Vendas antecipadas poder\u00e3o ser feitas atrav\u00e9s dos seguintes contatos:<\/p>\n<p style=\"text-align: justify;\">99105-3951 \u2013 C\u00e9lia<\/p>\n<p style=\"text-align: justify;\">99768-0304 \u2013 L\u00e9ia<\/p>\n<p style=\"text-align: justify;\">99673-8271 \u2013 Papelaria Mackpel<\/p>\n<p style=\"text-align: justify;\">Mesa para 4 pessoas \u2013 R$ 140,00<\/p>\n<p style=\"text-align: justify;\">Mesa para 6 pessoas \u2013 R$ 210,00<\/p>\n<p style=\"text-align: justify;\">Convite Individual \u2013 R$ 25,00<\/p>\n<p style=\"text-align: justify;\">Atendendo aos dispositivos legais, a organiza\u00e7\u00e3o decidiu pela entrada APENAS de maiores de 18 anos e\/ou maiores de 16 anos acompanhados de respons\u00e1veis.<\/p>\n<p style=\"text-align: justify;\">Lembramos que \u00e9 proibida a venda de bebidas alco\u00f3licas a menores de 18 (dezoito) anos.<\/p>\n<p style=\"text-align: justify;\">\n","protected":false},"excerpt":{"rendered":"<p>Com objetivo de arrecada\u00e7\u00e3o de fundos para ONG Arca de No\u00e9, que trata de castra\u00e7\u00e3o, socorro e atendimento a maus tratos de animais em Dracena,\u00a0 ralizaremos o baile \u201cTUNEL DO TEMPO\u201d no espa\u00e7o \u00c1rea 18 (antigo Raizes Caf\u00e9) no dia 11\/02\/2023 a partir das 21:00 h. O evento ser\u00e1 animado pelo DJ Alex On\u00e7a ao [&hellip;]<\/p>\n","protected":false},"author":1,"featured_media":73517,"comment_status":"closed","ping_status":"open","sticky":false,"template":"","format":"standard","meta":{"footnotes":""},"categories":[183,110],"tags":[],"class_list":["post-73516","post","type-post","status-publish","format-standard","has-post-thumbnail","hentry","category-musicaeturismo","category-noticiasdestaque"],"_links":{"self":[{"href":"https:\/\/jorgezanoni.com.br\/2019\/wp-json\/wp\/v2\/posts\/73516","targetHints":{"allow":["GET"]}}],"collection":[{"href":"https:\/\/jorgezanoni.com.br\/2019\/wp-json\/wp\/v2\/posts"}],"about":[{"href":"https:\/\/jorgezanoni.com.br\/2019\/wp-json\/wp\/v2\/types\/post"}],"author":[{"embeddable":true,"href":"https:\/\/jorgezanoni.com.br\/2019\/wp-json\/wp\/v2\/users\/1"}],"replies":[{"embeddable":true,"href":"https:\/\/jorgezanoni.com.br\/2019\/wp-json\/wp\/v2\/comments?post=73516"}],"version-history":[{"count":1,"href":"https:\/\/jorgezanoni.com.br\/2019\/wp-json\/wp\/v2\/posts\/73516\/revisions"}],"predecessor-version":[{"id":73518,"href":"https:\/\/jorgezanoni.com.br\/2019\/wp-json\/wp\/v2\/posts\/73516\/revisions\/73518"}],"wp:featuredmedia":[{"embeddable":true,"href":"https:\/\/jorgezanoni.com.br\/2019\/wp-json\/wp\/v2\/media\/73517"}],"wp:attachment":[{"href":"https:\/\/jorgezanoni.com.br\/2019\/wp-json\/wp\/v2\/media?parent=73516"}],"wp:term":[{"taxonomy":"category","embeddable":true,"href":"https:\/\/jorgezanoni.com.br\/2019\/wp-json\/wp\/v2\/categories?post=73516"},{"taxonomy":"post_tag","embeddable":true,"href":"https:\/\/jorgezanoni.com.br\/2019\/wp-json\/wp\/v2\/tags?post=73516"}],"curies":[{"name":"wp","href":"https:\/\/api.w.org\/{rel}","templated":true}]}}