{"id":73502,"date":"2023-02-04T12:45:06","date_gmt":"2023-02-04T12:45:06","guid":{"rendered":"https:\/\/jorgezanoni.com.br\/2019\/?p=73502"},"modified":"2023-02-06T00:10:05","modified_gmt":"2023-02-06T00:10:05","slug":"aniversariantes-do-dia-04-02-23","status":"publish","type":"post","link":"https:\/\/jorgezanoni.com.br\/2019\/aniversariantes-do-dia-04-02-23\/","title":{"rendered":"Aniversariantes do Dia 04\/02\/23"},"content":{"rendered":"<p>O SITE JZ PARABENIZA OS ANIVERSARIANTES DE HOJE:<\/p>\n<p><img loading=\"lazy\" decoding=\"async\" class=\"alignnone size-full wp-image-73503\" src=\"https:\/\/jorgezanoni.com.br\/2019\/wp-content\/uploads\/2023\/02\/Ana-Paula-Santos-2.jpg\" alt=\"\" width=\"702\" height=\"1210\" srcset=\"https:\/\/jorgezanoni.com.br\/2019\/wp-content\/uploads\/2023\/02\/Ana-Paula-Santos-2.jpg 702w, https:\/\/jorgezanoni.com.br\/2019\/wp-content\/uploads\/2023\/02\/Ana-Paula-Santos-2-174x300.jpg 174w, https:\/\/jorgezanoni.com.br\/2019\/wp-content\/uploads\/2023\/02\/Ana-Paula-Santos-2-594x1024.jpg 594w, https:\/\/jorgezanoni.com.br\/2019\/wp-content\/uploads\/2023\/02\/Ana-Paula-Santos-2-696x1200.jpg 696w, https:\/\/jorgezanoni.com.br\/2019\/wp-content\/uploads\/2023\/02\/Ana-Paula-Santos-2-244x420.jpg 244w\" sizes=\"auto, (max-width: 702px) 100vw, 702px\" \/>Ana Paula Santos<\/p>\n<p><img loading=\"lazy\" decoding=\"async\" class=\"alignnone size-full wp-image-73504\" src=\"https:\/\/jorgezanoni.com.br\/2019\/wp-content\/uploads\/2023\/02\/Andreia-Ferreira-2.jpg\" alt=\"\" width=\"700\" height=\"1181\" srcset=\"https:\/\/jorgezanoni.com.br\/2019\/wp-content\/uploads\/2023\/02\/Andreia-Ferreira-2.jpg 700w, https:\/\/jorgezanoni.com.br\/2019\/wp-content\/uploads\/2023\/02\/Andreia-Ferreira-2-178x300.jpg 178w, https:\/\/jorgezanoni.com.br\/2019\/wp-content\/uploads\/2023\/02\/Andreia-Ferreira-2-607x1024.jpg 607w, https:\/\/jorgezanoni.com.br\/2019\/wp-content\/uploads\/2023\/02\/Andreia-Ferreira-2-696x1174.jpg 696w, https:\/\/jorgezanoni.com.br\/2019\/wp-content\/uploads\/2023\/02\/Andreia-Ferreira-2-249x420.jpg 249w\" sizes=\"auto, (max-width: 700px) 100vw, 700px\" \/>Andreia Ferreira<\/p>\n<p><img loading=\"lazy\" decoding=\"async\" class=\"alignnone size-full wp-image-73505\" src=\"https:\/\/jorgezanoni.com.br\/2019\/wp-content\/uploads\/2023\/02\/Antonia-Cardoso-2.jpg\" alt=\"\" width=\"365\" height=\"397\" srcset=\"https:\/\/jorgezanoni.com.br\/2019\/wp-content\/uploads\/2023\/02\/Antonia-Cardoso-2.jpg 365w, https:\/\/jorgezanoni.com.br\/2019\/wp-content\/uploads\/2023\/02\/Antonia-Cardoso-2-276x300.jpg 276w\" sizes=\"auto, (max-width: 365px) 100vw, 365px\" \/>Antonia Cardoso<\/p>\n<p><img loading=\"lazy\" decoding=\"async\" class=\"alignnone size-full wp-image-73506\" src=\"https:\/\/jorgezanoni.com.br\/2019\/wp-content\/uploads\/2023\/02\/Doraci-Moncao-2.jpg\" alt=\"\" width=\"483\" height=\"780\" srcset=\"https:\/\/jorgezanoni.com.br\/2019\/wp-content\/uploads\/2023\/02\/Doraci-Moncao-2.jpg 483w, https:\/\/jorgezanoni.com.br\/2019\/wp-content\/uploads\/2023\/02\/Doraci-Moncao-2-186x300.jpg 186w, https:\/\/jorgezanoni.com.br\/2019\/wp-content\/uploads\/2023\/02\/Doraci-Moncao-2-260x420.jpg 260w\" sizes=\"auto, (max-width: 483px) 100vw, 483px\" \/>Doraci Mon\u00e7\u00e3o<\/p>\n<p><img loading=\"lazy\" decoding=\"async\" class=\"alignnone size-full wp-image-73507\" src=\"https:\/\/jorgezanoni.com.br\/2019\/wp-content\/uploads\/2023\/02\/Erik-Andre-2.jpg\" alt=\"\" width=\"504\" height=\"559\" srcset=\"https:\/\/jorgezanoni.com.br\/2019\/wp-content\/uploads\/2023\/02\/Erik-Andre-2.jpg 504w, https:\/\/jorgezanoni.com.br\/2019\/wp-content\/uploads\/2023\/02\/Erik-Andre-2-270x300.jpg 270w, https:\/\/jorgezanoni.com.br\/2019\/wp-content\/uploads\/2023\/02\/Erik-Andre-2-379x420.jpg 379w\" sizes=\"auto, (max-width: 504px) 100vw, 504px\" \/>Erik Andr\u00e9<\/p>\n<p><img loading=\"lazy\" decoding=\"async\" class=\"alignnone size-full wp-image-73508\" src=\"https:\/\/jorgezanoni.com.br\/2019\/wp-content\/uploads\/2023\/02\/Jaine-Baldo.jpg\" alt=\"\" width=\"700\" height=\"1087\" srcset=\"https:\/\/jorgezanoni.com.br\/2019\/wp-content\/uploads\/2023\/02\/Jaine-Baldo.jpg 700w, https:\/\/jorgezanoni.com.br\/2019\/wp-content\/uploads\/2023\/02\/Jaine-Baldo-193x300.jpg 193w, https:\/\/jorgezanoni.com.br\/2019\/wp-content\/uploads\/2023\/02\/Jaine-Baldo-659x1024.jpg 659w, https:\/\/jorgezanoni.com.br\/2019\/wp-content\/uploads\/2023\/02\/Jaine-Baldo-696x1081.jpg 696w, https:\/\/jorgezanoni.com.br\/2019\/wp-content\/uploads\/2023\/02\/Jaine-Baldo-270x420.jpg 270w\" sizes=\"auto, (max-width: 700px) 100vw, 700px\" \/>Jaine Baldo<\/p>\n<p><img loading=\"lazy\" decoding=\"async\" class=\"alignnone size-full wp-image-73509\" src=\"https:\/\/jorgezanoni.com.br\/2019\/wp-content\/uploads\/2023\/02\/Jennifer-Ferreira-2.jpg\" alt=\"\" width=\"679\" height=\"716\" srcset=\"https:\/\/jorgezanoni.com.br\/2019\/wp-content\/uploads\/2023\/02\/Jennifer-Ferreira-2.jpg 679w, https:\/\/jorgezanoni.com.br\/2019\/wp-content\/uploads\/2023\/02\/Jennifer-Ferreira-2-284x300.jpg 284w, https:\/\/jorgezanoni.com.br\/2019\/wp-content\/uploads\/2023\/02\/Jennifer-Ferreira-2-398x420.jpg 398w\" sizes=\"auto, (max-width: 679px) 100vw, 679px\" \/>Jennifer Ferreira<\/p>\n<p><img loading=\"lazy\" decoding=\"async\" class=\"alignnone size-full wp-image-73510\" src=\"https:\/\/jorgezanoni.com.br\/2019\/wp-content\/uploads\/2023\/02\/Karinne-Garbelini-Kaianne-Garbelini-Karolinne-Garbelini-Trigemeas-Garbelini.jpg\" alt=\"\" width=\"700\" height=\"697\" srcset=\"https:\/\/jorgezanoni.com.br\/2019\/wp-content\/uploads\/2023\/02\/Karinne-Garbelini-Kaianne-Garbelini-Karolinne-Garbelini-Trigemeas-Garbelini.jpg 700w, https:\/\/jorgezanoni.com.br\/2019\/wp-content\/uploads\/2023\/02\/Karinne-Garbelini-Kaianne-Garbelini-Karolinne-Garbelini-Trigemeas-Garbelini-300x300.jpg 300w, https:\/\/jorgezanoni.com.br\/2019\/wp-content\/uploads\/2023\/02\/Karinne-Garbelini-Kaianne-Garbelini-Karolinne-Garbelini-Trigemeas-Garbelini-150x150.jpg 150w, https:\/\/jorgezanoni.com.br\/2019\/wp-content\/uploads\/2023\/02\/Karinne-Garbelini-Kaianne-Garbelini-Karolinne-Garbelini-Trigemeas-Garbelini-696x693.jpg 696w, https:\/\/jorgezanoni.com.br\/2019\/wp-content\/uploads\/2023\/02\/Karinne-Garbelini-Kaianne-Garbelini-Karolinne-Garbelini-Trigemeas-Garbelini-422x420.jpg 422w\" sizes=\"auto, (max-width: 700px) 100vw, 700px\" \/>Karinne, Kaianne e Karolinne (Trig\u00eameas Garbelini)<\/p>\n<p><img loading=\"lazy\" decoding=\"async\" class=\"alignnone size-full wp-image-73511\" src=\"https:\/\/jorgezanoni.com.br\/2019\/wp-content\/uploads\/2023\/02\/Lutiele-Peralta-2.jpg\" alt=\"\" width=\"640\" height=\"947\" srcset=\"https:\/\/jorgezanoni.com.br\/2019\/wp-content\/uploads\/2023\/02\/Lutiele-Peralta-2.jpg 640w, https:\/\/jorgezanoni.com.br\/2019\/wp-content\/uploads\/2023\/02\/Lutiele-Peralta-2-203x300.jpg 203w, https:\/\/jorgezanoni.com.br\/2019\/wp-content\/uploads\/2023\/02\/Lutiele-Peralta-2-284x420.jpg 284w\" sizes=\"auto, (max-width: 640px) 100vw, 640px\" \/>Luti\u00e9le Peralta<\/p>\n<p><img loading=\"lazy\" decoding=\"async\" class=\"alignnone size-full wp-image-73512\" src=\"https:\/\/jorgezanoni.com.br\/2019\/wp-content\/uploads\/2023\/02\/Serginho-Hirata.jpg\" alt=\"\" width=\"700\" height=\"700\" srcset=\"https:\/\/jorgezanoni.com.br\/2019\/wp-content\/uploads\/2023\/02\/Serginho-Hirata.jpg 700w, https:\/\/jorgezanoni.com.br\/2019\/wp-content\/uploads\/2023\/02\/Serginho-Hirata-300x300.jpg 300w, https:\/\/jorgezanoni.com.br\/2019\/wp-content\/uploads\/2023\/02\/Serginho-Hirata-150x150.jpg 150w, https:\/\/jorgezanoni.com.br\/2019\/wp-content\/uploads\/2023\/02\/Serginho-Hirata-696x696.jpg 696w, https:\/\/jorgezanoni.com.br\/2019\/wp-content\/uploads\/2023\/02\/Serginho-Hirata-420x420.jpg 420w\" sizes=\"auto, (max-width: 700px) 100vw, 700px\" \/>Serginho Hirata<\/p>\n<p><img loading=\"lazy\" decoding=\"async\" class=\"alignnone size-full wp-image-73563\" src=\"https:\/\/jorgezanoni.com.br\/2019\/wp-content\/uploads\/2023\/02\/Sibele-Dias-1.jpg\" alt=\"\" width=\"526\" height=\"701\" srcset=\"https:\/\/jorgezanoni.com.br\/2019\/wp-content\/uploads\/2023\/02\/Sibele-Dias-1.jpg 526w, https:\/\/jorgezanoni.com.br\/2019\/wp-content\/uploads\/2023\/02\/Sibele-Dias-1-225x300.jpg 225w, https:\/\/jorgezanoni.com.br\/2019\/wp-content\/uploads\/2023\/02\/Sibele-Dias-1-315x420.jpg 315w\" sizes=\"auto, (max-width: 526px) 100vw, 526px\" \/>Sibele Dias<\/p>\n<p><img loading=\"lazy\" decoding=\"async\" class=\"alignnone size-full wp-image-73514\" src=\"https:\/\/jorgezanoni.com.br\/2019\/wp-content\/uploads\/2023\/02\/Vera-Lucia-Troiano.jpg\" alt=\"\" width=\"700\" height=\"700\" srcset=\"https:\/\/jorgezanoni.com.br\/2019\/wp-content\/uploads\/2023\/02\/Vera-Lucia-Troiano.jpg 700w, https:\/\/jorgezanoni.com.br\/2019\/wp-content\/uploads\/2023\/02\/Vera-Lucia-Troiano-300x300.jpg 300w, https:\/\/jorgezanoni.com.br\/2019\/wp-content\/uploads\/2023\/02\/Vera-Lucia-Troiano-150x150.jpg 150w, https:\/\/jorgezanoni.com.br\/2019\/wp-content\/uploads\/2023\/02\/Vera-Lucia-Troiano-696x696.jpg 696w, https:\/\/jorgezanoni.com.br\/2019\/wp-content\/uploads\/2023\/02\/Vera-Lucia-Troiano-420x420.jpg 420w\" sizes=\"auto, (max-width: 700px) 100vw, 700px\" \/>Vera Lucia Troiano<\/p>\n","protected":false},"excerpt":{"rendered":"<p>O SITE JZ PARABENIZA OS ANIVERSARIANTES DE HOJE: Ana Paula Santos Andreia Ferreira Antonia Cardoso Doraci Mon\u00e7\u00e3o Erik Andr\u00e9 Jaine Baldo Jennifer Ferreira Karinne, Kaianne e Karolinne (Trig\u00eameas Garbelini) Luti\u00e9le Peralta Serginho Hirata Sibele Dias Vera Lucia Troiano<\/p>\n","protected":false},"author":1,"featured_media":73510,"comment_status":"closed","ping_status":"open","sticky":false,"template":"","format":"standard","meta":{"footnotes":""},"categories":[174,110],"tags":[],"class_list":["post-73502","post","type-post","status-publish","format-standard","has-post-thumbnail","hentry","category-aniversariantes","category-noticiasdestaque"],"_links":{"self":[{"href":"https:\/\/jorgezanoni.com.br\/2019\/wp-json\/wp\/v2\/posts\/73502","targetHints":{"allow":["GET"]}}],"collection":[{"href":"https:\/\/jorgezanoni.com.br\/2019\/wp-json\/wp\/v2\/posts"}],"about":[{"href":"https:\/\/jorgezanoni.com.br\/2019\/wp-json\/wp\/v2\/types\/post"}],"author":[{"embeddable":true,"href":"https:\/\/jorgezanoni.com.br\/2019\/wp-json\/wp\/v2\/users\/1"}],"replies":[{"embeddable":true,"href":"https:\/\/jorgezanoni.com.br\/2019\/wp-json\/wp\/v2\/comments?post=73502"}],"version-history":[{"count":3,"href":"https:\/\/jorgezanoni.com.br\/2019\/wp-json\/wp\/v2\/posts\/73502\/revisions"}],"predecessor-version":[{"id":73565,"href":"https:\/\/jorgezanoni.com.br\/2019\/wp-json\/wp\/v2\/posts\/73502\/revisions\/73565"}],"wp:featuredmedia":[{"embeddable":true,"href":"https:\/\/jorgezanoni.com.br\/2019\/wp-json\/wp\/v2\/media\/73510"}],"wp:attachment":[{"href":"https:\/\/jorgezanoni.com.br\/2019\/wp-json\/wp\/v2\/media?parent=73502"}],"wp:term":[{"taxonomy":"category","embeddable":true,"href":"https:\/\/jorgezanoni.com.br\/2019\/wp-json\/wp\/v2\/categories?post=73502"},{"taxonomy":"post_tag","embeddable":true,"href":"https:\/\/jorgezanoni.com.br\/2019\/wp-json\/wp\/v2\/tags?post=73502"}],"curies":[{"name":"wp","href":"https:\/\/api.w.org\/{rel}","templated":true}]}}