{"id":73499,"date":"2023-02-03T23:10:11","date_gmt":"2023-02-03T23:10:11","guid":{"rendered":"https:\/\/jorgezanoni.com.br\/2019\/?p=73499"},"modified":"2023-02-03T23:10:11","modified_gmt":"2023-02-03T23:10:11","slug":"tecnico-em-enfermagem-do-cep-ume-com-matriculas-abertas-para-2023","status":"publish","type":"post","link":"https:\/\/jorgezanoni.com.br\/2019\/tecnico-em-enfermagem-do-cep-ume-com-matriculas-abertas-para-2023\/","title":{"rendered":"T\u00e9cnico em Enfermagem do CEP\/UME com matr\u00edculas abertas para 2023"},"content":{"rendered":"<p style=\"text-align: justify;\"><span style=\"font-size: large;\">O profissional t\u00e9cnico em Enfermagem est\u00e1 entre os mais requisitados na \u00e1rea de sa\u00fade. As oportunidades de trabalho para t\u00e9cnicos em Enfermagem incluem hospitais, cl\u00ednicas, postos de sa\u00fade, centros cir\u00fargicos, UTIs, entre outros.<\/span><\/p>\n<p><span style=\"font-size: large;\">As vantagens de se fazer o curso t\u00e9cnico em Enfermagem incluem sua curta dura\u00e7\u00e3o e a possibilidade de ingressar no mercado de trabalho com mais rapidez e menor investimento financeiro do que em um curso superior.<\/span><\/p>\n<p><span style=\"font-size: large;\">Al\u00e9m de realizar curativos e assist\u00eancia a pacientes, sob a supervis\u00e3o de um enfermeiro, o t\u00e9cnico em Enfermagem \u00e9 capaz de realizar procedimentos como administra\u00e7\u00e3o de medicamentos, coleta de exames e monitoramento de sinais vitais.<\/span><\/p>\n<p><span style=\"font-size: large;\">O curso T\u00e9cnico em Enfermagem do CEP\/UME tem 2 anos de dura\u00e7\u00e3o e est\u00e1 com matr\u00edculas abertas para in\u00edcio em 2023! Entre seus diferenciais est\u00e3o uma s\u00f3lida forma\u00e7\u00e3o te\u00f3rica, aliada \u00e0s aulas pr\u00e1ticas realizadas nos mesmos laborat\u00f3rios utilizados pela faculdade de Medicina da Unifadra Dracena, e os est\u00e1gios pr\u00e1ticos na Santa Casa de Dracena, com atendimento de situa\u00e7\u00f5es reais no hospital.<\/span><\/p>\n<p><span style=\"font-size: large;\">&#8220;Muitos dos nossos alunos j\u00e1 est\u00e3o empregados ap\u00f3s o primeiro ano do curso&#8221;, ressalta C\u00e1tia Afonso, diretora do CEP\/UME.<\/span><\/p>\n<p><b><span style=\"font-size: large;\">MATR\u00cdCULAS ABERTAS<\/span><br \/>\n<span style=\"font-size: large;\">Curso T\u00e9cnico em Enfermagem<\/span><\/b><br \/>\n<span style=\"font-size: large;\">Per\u00edodo noturno (2 anos de dura\u00e7\u00e3o)<\/span><br \/>\n<span style=\"font-size: large;\"><b>Mensalidade<\/b>: R$ 656 (valor para 2023)<\/span><br \/>\n<span style=\"font-size: large;\"><b>Benef\u00edcio<\/b>: matr\u00edculas realizadas at\u00e9 06\/03 garantem isen\u00e7\u00e3o da taxa de matr\u00edcula inicial e o desconto de 15% nas mensalidades durante todo o curso.<\/span><\/p>\n<p style=\"text-align: justify;\"><span style=\"font-size: large;\"><b>Informa\u00e7\u00f5es<\/b>: (18) 3821-9004<\/span><\/p>\n<p>Fonte: Depto. de Comunica\u00e7\u00e3o da Fundec<\/p>\n","protected":false},"excerpt":{"rendered":"<p>O profissional t\u00e9cnico em Enfermagem est\u00e1 entre os mais requisitados na \u00e1rea de sa\u00fade. As oportunidades de trabalho para t\u00e9cnicos em Enfermagem incluem hospitais, cl\u00ednicas, postos de sa\u00fade, centros cir\u00fargicos, UTIs, entre outros. As vantagens de se fazer o curso t\u00e9cnico em Enfermagem incluem sua curta dura\u00e7\u00e3o e a possibilidade de ingressar no mercado de [&hellip;]<\/p>\n","protected":false},"author":1,"featured_media":73500,"comment_status":"closed","ping_status":"open","sticky":false,"template":"","format":"standard","meta":{"footnotes":""},"categories":[110,122],"tags":[],"class_list":["post-73499","post","type-post","status-publish","format-standard","has-post-thumbnail","hentry","category-noticiasdestaque","category-saudeeducacaoeconcurso"],"_links":{"self":[{"href":"https:\/\/jorgezanoni.com.br\/2019\/wp-json\/wp\/v2\/posts\/73499","targetHints":{"allow":["GET"]}}],"collection":[{"href":"https:\/\/jorgezanoni.com.br\/2019\/wp-json\/wp\/v2\/posts"}],"about":[{"href":"https:\/\/jorgezanoni.com.br\/2019\/wp-json\/wp\/v2\/types\/post"}],"author":[{"embeddable":true,"href":"https:\/\/jorgezanoni.com.br\/2019\/wp-json\/wp\/v2\/users\/1"}],"replies":[{"embeddable":true,"href":"https:\/\/jorgezanoni.com.br\/2019\/wp-json\/wp\/v2\/comments?post=73499"}],"version-history":[{"count":1,"href":"https:\/\/jorgezanoni.com.br\/2019\/wp-json\/wp\/v2\/posts\/73499\/revisions"}],"predecessor-version":[{"id":73501,"href":"https:\/\/jorgezanoni.com.br\/2019\/wp-json\/wp\/v2\/posts\/73499\/revisions\/73501"}],"wp:featuredmedia":[{"embeddable":true,"href":"https:\/\/jorgezanoni.com.br\/2019\/wp-json\/wp\/v2\/media\/73500"}],"wp:attachment":[{"href":"https:\/\/jorgezanoni.com.br\/2019\/wp-json\/wp\/v2\/media?parent=73499"}],"wp:term":[{"taxonomy":"category","embeddable":true,"href":"https:\/\/jorgezanoni.com.br\/2019\/wp-json\/wp\/v2\/categories?post=73499"},{"taxonomy":"post_tag","embeddable":true,"href":"https:\/\/jorgezanoni.com.br\/2019\/wp-json\/wp\/v2\/tags?post=73499"}],"curies":[{"name":"wp","href":"https:\/\/api.w.org\/{rel}","templated":true}]}}