{"id":73493,"date":"2023-02-03T22:06:41","date_gmt":"2023-02-03T22:06:41","guid":{"rendered":"https:\/\/jorgezanoni.com.br\/2019\/?p=73493"},"modified":"2023-02-03T22:06:41","modified_gmt":"2023-02-03T22:06:41","slug":"inscricoes-abertas-para-o-coral-unifadra-3","status":"publish","type":"post","link":"https:\/\/jorgezanoni.com.br\/2019\/inscricoes-abertas-para-o-coral-unifadra-3\/","title":{"rendered":"Inscri\u00e7\u00f5es abertas para o Coral Unifadra"},"content":{"rendered":"<div dir=\"ltr\" style=\"text-align: justify;\"><span style=\"font-size: large;\"><strong><i>A atividade \u00e9 gratuita e aberta a todos os interessados.<\/i><\/strong><\/p>\n<p>Convidamos a todos da comunidade para soltar a voz e virem cantar conosco! O Coral Unifadra est\u00e1 recebendo novos integrantes para todos os naipes: sopranos, contraltos, tenores e baixos.<\/p>\n<p>Se voc\u00ea tem interesse, disponibilidade de hor\u00e1rio e compromisso para frequentar as atividades, venha participar! A inscri\u00e7\u00e3o e a participa\u00e7\u00e3o s\u00e3o gratuitas, basta efetivar a matr\u00edcula na Secretaria Geral da Fundec, de segunda a sexta-feira, das 8h \u00e0s 12h30 ou das 18h30 \u00e0s 21h30. \u00c9 necess\u00e1rio trazer c\u00f3pia dos seguintes documentos: RG, CPF e comprovante de endere\u00e7o.<\/p>\n<p>Os candidatos devem ter mais de 18 anos e, ap\u00f3s a inscri\u00e7\u00e3o no Coral Unifadra, ter\u00e3o aulas de conhecimentos te\u00f3ricos em m\u00fasica, orienta\u00e7\u00e3o vocal e acesso \u00e0 ampla estrutura da Unifadra, sem custo para o participante.<\/p>\n<p>A Profa. Dra. Sheila Franceschini, coordenadora do projeto, atenta para a import\u00e2ncia do canto no cotidiano, lembra que o coral \u00e9 uma maneira prazerosa e saud\u00e1vel de estabelecer v\u00ednculos, fortalecer amizades e conhecer um rico repert\u00f3rio existente para o canto.<\/p>\n<p>O Coral Unifadra se re\u00fane toda quinta-feira, das 17h30 \u00e0s 19h, na sala 15 (Unifadra &#8211; Rua Bahia, 266, Dracena &#8211; SP).<\/span><\/div>\n<div dir=\"ltr\"><\/div>\n<div dir=\"ltr\">Fonte: Depto. de Comunica\u00e7\u00e3o da Fundec<\/div>\n","protected":false},"excerpt":{"rendered":"<p>A atividade \u00e9 gratuita e aberta a todos os interessados. Convidamos a todos da comunidade para soltar a voz e virem cantar conosco! O Coral Unifadra est\u00e1 recebendo novos integrantes para todos os naipes: sopranos, contraltos, tenores e baixos. Se voc\u00ea tem interesse, disponibilidade de hor\u00e1rio e compromisso para frequentar as atividades, venha participar! A [&hellip;]<\/p>\n","protected":false},"author":1,"featured_media":73494,"comment_status":"closed","ping_status":"open","sticky":false,"template":"","format":"standard","meta":{"footnotes":""},"categories":[110,122],"tags":[],"class_list":["post-73493","post","type-post","status-publish","format-standard","has-post-thumbnail","hentry","category-noticiasdestaque","category-saudeeducacaoeconcurso"],"_links":{"self":[{"href":"https:\/\/jorgezanoni.com.br\/2019\/wp-json\/wp\/v2\/posts\/73493","targetHints":{"allow":["GET"]}}],"collection":[{"href":"https:\/\/jorgezanoni.com.br\/2019\/wp-json\/wp\/v2\/posts"}],"about":[{"href":"https:\/\/jorgezanoni.com.br\/2019\/wp-json\/wp\/v2\/types\/post"}],"author":[{"embeddable":true,"href":"https:\/\/jorgezanoni.com.br\/2019\/wp-json\/wp\/v2\/users\/1"}],"replies":[{"embeddable":true,"href":"https:\/\/jorgezanoni.com.br\/2019\/wp-json\/wp\/v2\/comments?post=73493"}],"version-history":[{"count":1,"href":"https:\/\/jorgezanoni.com.br\/2019\/wp-json\/wp\/v2\/posts\/73493\/revisions"}],"predecessor-version":[{"id":73495,"href":"https:\/\/jorgezanoni.com.br\/2019\/wp-json\/wp\/v2\/posts\/73493\/revisions\/73495"}],"wp:featuredmedia":[{"embeddable":true,"href":"https:\/\/jorgezanoni.com.br\/2019\/wp-json\/wp\/v2\/media\/73494"}],"wp:attachment":[{"href":"https:\/\/jorgezanoni.com.br\/2019\/wp-json\/wp\/v2\/media?parent=73493"}],"wp:term":[{"taxonomy":"category","embeddable":true,"href":"https:\/\/jorgezanoni.com.br\/2019\/wp-json\/wp\/v2\/categories?post=73493"},{"taxonomy":"post_tag","embeddable":true,"href":"https:\/\/jorgezanoni.com.br\/2019\/wp-json\/wp\/v2\/tags?post=73493"}],"curies":[{"name":"wp","href":"https:\/\/api.w.org\/{rel}","templated":true}]}}