{"id":73490,"date":"2023-02-03T11:29:03","date_gmt":"2023-02-03T11:29:03","guid":{"rendered":"https:\/\/jorgezanoni.com.br\/2019\/?p=73490"},"modified":"2023-02-03T11:29:03","modified_gmt":"2023-02-03T11:29:03","slug":"morre-aparecida-ferrari-dalaqua-dinha-de-lucelia","status":"publish","type":"post","link":"https:\/\/jorgezanoni.com.br\/2019\/morre-aparecida-ferrari-dalaqua-dinha-de-lucelia\/","title":{"rendered":"Morre Aparecida Ferrari Dalaqua (Dinha) de Luc\u00e9lia"},"content":{"rendered":"<p style=\"text-align: justify;\">Comunicamos com pesar o falecimento de\u00a0Aparecida Ferrari Dalaqua (DINHA) de 82 anos. Ela estava internada da Santa Casa de Luc\u00e9lia.<\/p>\n<p style=\"text-align: justify;\">Vi\u00fava, deixa 3 filhos, nora, genro, 4 netos e 1 bisneto, demais familiares e amigos.<\/p>\n<p style=\"text-align: justify;\">O Corpo est\u00e1 sendo velado no Vel\u00f3rio Municipal e o Sepultamento ocorre hoje (3) \u00e0s 15 H. no Cemit\u00e9rio Municipal de Luc\u00e9lia.<\/p>\n<p style=\"text-align: justify;\">A querida Dinha \u00e9 a prima mais velha deste rep\u00f3rter.<\/p>\n<p style=\"text-align: justify;\">O Site JZ se solidariza com os familiares e amigos neste dif\u00edcil momento.<\/p>\n<p style=\"text-align: justify;\">Jorge Zanoni<\/p>\n<p>&nbsp;<\/p>\n<p>&nbsp;<\/p>\n","protected":false},"excerpt":{"rendered":"<p>Comunicamos com pesar o falecimento de\u00a0Aparecida Ferrari Dalaqua (DINHA) de 82 anos. Ela estava internada da Santa Casa de Luc\u00e9lia. Vi\u00fava, deixa 3 filhos, nora, genro, 4 netos e 1 bisneto, demais familiares e amigos. O Corpo est\u00e1 sendo velado no Vel\u00f3rio Municipal e o Sepultamento ocorre hoje (3) \u00e0s 15 H. no Cemit\u00e9rio Municipal [&hellip;]<\/p>\n","protected":false},"author":1,"featured_media":73491,"comment_status":"closed","ping_status":"open","sticky":false,"template":"","format":"standard","meta":{"footnotes":""},"categories":[178,110],"tags":[],"class_list":["post-73490","post","type-post","status-publish","format-standard","has-post-thumbnail","hentry","category-notadefalecimento","category-noticiasdestaque"],"_links":{"self":[{"href":"https:\/\/jorgezanoni.com.br\/2019\/wp-json\/wp\/v2\/posts\/73490","targetHints":{"allow":["GET"]}}],"collection":[{"href":"https:\/\/jorgezanoni.com.br\/2019\/wp-json\/wp\/v2\/posts"}],"about":[{"href":"https:\/\/jorgezanoni.com.br\/2019\/wp-json\/wp\/v2\/types\/post"}],"author":[{"embeddable":true,"href":"https:\/\/jorgezanoni.com.br\/2019\/wp-json\/wp\/v2\/users\/1"}],"replies":[{"embeddable":true,"href":"https:\/\/jorgezanoni.com.br\/2019\/wp-json\/wp\/v2\/comments?post=73490"}],"version-history":[{"count":1,"href":"https:\/\/jorgezanoni.com.br\/2019\/wp-json\/wp\/v2\/posts\/73490\/revisions"}],"predecessor-version":[{"id":73492,"href":"https:\/\/jorgezanoni.com.br\/2019\/wp-json\/wp\/v2\/posts\/73490\/revisions\/73492"}],"wp:featuredmedia":[{"embeddable":true,"href":"https:\/\/jorgezanoni.com.br\/2019\/wp-json\/wp\/v2\/media\/73491"}],"wp:attachment":[{"href":"https:\/\/jorgezanoni.com.br\/2019\/wp-json\/wp\/v2\/media?parent=73490"}],"wp:term":[{"taxonomy":"category","embeddable":true,"href":"https:\/\/jorgezanoni.com.br\/2019\/wp-json\/wp\/v2\/categories?post=73490"},{"taxonomy":"post_tag","embeddable":true,"href":"https:\/\/jorgezanoni.com.br\/2019\/wp-json\/wp\/v2\/tags?post=73490"}],"curies":[{"name":"wp","href":"https:\/\/api.w.org\/{rel}","templated":true}]}}