{"id":73473,"date":"2023-02-02T16:18:28","date_gmt":"2023-02-02T16:18:28","guid":{"rendered":"https:\/\/jorgezanoni.com.br\/2019\/?p=73473"},"modified":"2023-02-02T16:18:28","modified_gmt":"2023-02-02T16:18:28","slug":"gloria-maria-jornalista-e-icone-da-tv-morre-no-rio","status":"publish","type":"post","link":"https:\/\/jorgezanoni.com.br\/2019\/gloria-maria-jornalista-e-icone-da-tv-morre-no-rio\/","title":{"rendered":"Gl\u00f3ria Maria, jornalista e \u00edcone da TV, morre no Rio"},"content":{"rendered":"<h2 class=\"content-head__subtitle\" style=\"text-align: justify;\"><strong>Na Globo desde 1971, a carioca foi a primeira rep\u00f3rter a entrar ao vivo e em cores no Jornal Nacional. De 1998 a 2007, ela apresentou o Fant\u00e1stico e, desde 2010, integrava a equipe do Globo Rep\u00f3rter.<\/strong><\/h2>\n<p style=\"text-align: justify;\"><strong>A jornalista\u00a0<a href=\"https:\/\/g1.globo.com\/tudo-sobre\/gloria-maria\/\">Gl\u00f3ria Maria<\/a>, \u00edcone da TV brasileira, morreu no\u00a0<a href=\"https:\/\/g1.globo.com\/rj\/rio-de-janeiro\/cidade\/rio-de-janeiro\/\">Rio de Janeiro<\/a>\u00a0nesta quinta-feira (2). \u201c\u00c9 com muita tristeza que anunciamos a morte de nossa colega, a jornalista Gl\u00f3ria Maria\u201d, informou a\u00a0TV Globo, em nota.<\/strong><\/p>\n<div id=\"chunk-eo99t\" style=\"text-align: justify;\">\n<div class=\"mc-column content-text active-extra-styles \" data-block-type=\"unstyled\" data-block-weight=\"40\" data-block-id=\"5\">\n<p class=\"content-text__container \" data-track-category=\"Link no Texto\" data-track-links=\"\">Em 2019, Gl\u00f3ria foi diagnosticada com um c\u00e2ncer de pulm\u00e3o. O tratamento com imunoterapia teve sucesso. Depois, ela sofreu met\u00e1stase no c\u00e9rebro, que tamb\u00e9m p\u00f4de, inicialmente, ser tratada com \u00eaxito por meio de cirurgia, mas os novos tratamentos n\u00e3o avan\u00e7aram.<\/p>\n<\/div>\n<\/div>\n<div id=\"chunk-ctsre\" style=\"text-align: justify;\">\n<div class=\"mc-column content-text active-extra-styles \" data-block-type=\"unstyled\" data-block-weight=\"44\" data-block-id=\"6\">\n<p class=\"content-text__container \" data-track-category=\"Link no Texto\" data-track-links=\"\">\u201cEm meados do ano passado, Gl\u00f3ria Maria come\u00e7ou uma nova fase do tratamento para combater novas met\u00e1stases cerebrais que, infelizmente, deixou de fazer efeito nos \u00faltimos dias, e Gl\u00f3ria morreu esta manh\u00e3, no Hospital Copa Star, na Zona Sul do Rio\u201d, afirma o comunicado.<\/p>\n<\/div>\n<\/div>\n<div id=\"chunk-3jibl\">\n<div class=\"content-ads content-ads--reveal\" data-block-type=\"ads\" data-block-id=\"7\">\n<div id=\"banner_materia2\" class=\"tag-manager-publicidade-container mc-has-reveal mc-has-ad-lazyload tag-manager-publicidade-banner_materia2 tag-manager-publicidade-container--carregado tag-manager-publicidade-container--visivel\" data-id=\"banner_materia2\" data-google-query-id=\"CPS49Mid9_wCFcKllQIdzn4OvA\">\n<div class=\"mc-column content-text active-extra-styles\" style=\"text-align: justify;\" data-block-type=\"raw\" data-block-weight=\"1\" data-block-id=\"8\">\n<div class=\"content-intertitle\">\n<h2>Pioneira<\/h2>\n<\/div>\n<\/div>\n<div id=\"chunk-e0b9m\">\n<div class=\"mc-column content-text active-extra-styles \" data-block-type=\"unstyled\" data-block-weight=\"32\" data-block-id=\"9\">\n<p class=\"content-text__container \" style=\"text-align: justify;\" data-track-category=\"Link no Texto\" data-track-links=\"\">Gl\u00f3ria foi pioneira in\u00fameras vezes. Ela foi a primeira a entrar ao vivo e em cores no\u00a0<strong>Jornal Nacional<\/strong>, mostrou mais de 100 pa\u00edses em suas reportagens e protagonizou momentos hist\u00f3ricos.<\/p>\n<p class=\"content-text__container \" style=\"text-align: justify;\" data-track-category=\"Link no Texto\" data-track-links=\"\"><span style=\"font-style: italic; text-align: center;\">&#8220;Eu sou uma pessoa movida pela curiosidade e pelo susto. Se eu parar pra pensar racionalmente, n\u00e3o fa\u00e7o nada. Tenho que perder a racionalidade pra ir, deixar a curiosidade e o medo me levarem, que a\u00ed eu fa\u00e7o qualquer coisa.\u201d<\/span><\/p>\n<p style=\"text-align: justify;\" data-track-category=\"Link no Texto\" data-track-links=\"\">Fonte: https:\/\/g1.globo.com\/rj\/rio-de-janeiro\/noticia\/2023\/02\/02\/gloria-maria-morre-no-rio.ghtml<\/p>\n<\/div>\n<\/div>\n<div class=\"mc-column content-text active-extra-styles\" data-block-type=\"raw\" data-block-weight=\"40\" data-block-id=\"10\">\n<p>&nbsp;<\/p>\n<\/div>\n<div id=\"chunk-fp5hc\">\n<div class=\"mc-column content-text active-extra-styles \" data-block-type=\"unstyled\" data-block-weight=\"2\" data-block-id=\"11\"><\/div>\n<\/div>\n<\/div>\n<\/div>\n<\/div>\n","protected":false},"excerpt":{"rendered":"<p>Na Globo desde 1971, a carioca foi a primeira rep\u00f3rter a entrar ao vivo e em cores no Jornal Nacional. De 1998 a 2007, ela apresentou o Fant\u00e1stico e, desde 2010, integrava a equipe do Globo Rep\u00f3rter. A jornalista\u00a0Gl\u00f3ria Maria, \u00edcone da TV brasileira, morreu no\u00a0Rio de Janeiro\u00a0nesta quinta-feira (2). \u201c\u00c9 com muita tristeza que [&hellip;]<\/p>\n","protected":false},"author":1,"featured_media":73474,"comment_status":"closed","ping_status":"open","sticky":false,"template":"","format":"standard","meta":{"footnotes":""},"categories":[178,110],"tags":[],"class_list":["post-73473","post","type-post","status-publish","format-standard","has-post-thumbnail","hentry","category-notadefalecimento","category-noticiasdestaque"],"_links":{"self":[{"href":"https:\/\/jorgezanoni.com.br\/2019\/wp-json\/wp\/v2\/posts\/73473","targetHints":{"allow":["GET"]}}],"collection":[{"href":"https:\/\/jorgezanoni.com.br\/2019\/wp-json\/wp\/v2\/posts"}],"about":[{"href":"https:\/\/jorgezanoni.com.br\/2019\/wp-json\/wp\/v2\/types\/post"}],"author":[{"embeddable":true,"href":"https:\/\/jorgezanoni.com.br\/2019\/wp-json\/wp\/v2\/users\/1"}],"replies":[{"embeddable":true,"href":"https:\/\/jorgezanoni.com.br\/2019\/wp-json\/wp\/v2\/comments?post=73473"}],"version-history":[{"count":1,"href":"https:\/\/jorgezanoni.com.br\/2019\/wp-json\/wp\/v2\/posts\/73473\/revisions"}],"predecessor-version":[{"id":73475,"href":"https:\/\/jorgezanoni.com.br\/2019\/wp-json\/wp\/v2\/posts\/73473\/revisions\/73475"}],"wp:featuredmedia":[{"embeddable":true,"href":"https:\/\/jorgezanoni.com.br\/2019\/wp-json\/wp\/v2\/media\/73474"}],"wp:attachment":[{"href":"https:\/\/jorgezanoni.com.br\/2019\/wp-json\/wp\/v2\/media?parent=73473"}],"wp:term":[{"taxonomy":"category","embeddable":true,"href":"https:\/\/jorgezanoni.com.br\/2019\/wp-json\/wp\/v2\/categories?post=73473"},{"taxonomy":"post_tag","embeddable":true,"href":"https:\/\/jorgezanoni.com.br\/2019\/wp-json\/wp\/v2\/tags?post=73473"}],"curies":[{"name":"wp","href":"https:\/\/api.w.org\/{rel}","templated":true}]}}