{"id":7347,"date":"2019-09-26T22:52:52","date_gmt":"2019-09-26T22:52:52","guid":{"rendered":"https:\/\/jorgezanoni.com.br\/2019\/?p=7347"},"modified":"2019-09-26T22:52:52","modified_gmt":"2019-09-26T22:52:52","slug":"setembro-amarelo-policia-civil-promove-atividade-de-saude-ligada-a-prevencao-do-suicidio-em-dracena","status":"publish","type":"post","link":"https:\/\/jorgezanoni.com.br\/2019\/setembro-amarelo-policia-civil-promove-atividade-de-saude-ligada-a-prevencao-do-suicidio-em-dracena\/","title":{"rendered":"Setembro Amarelo: Pol\u00edcia Civil promove atividade de sa\u00fade ligada a preven\u00e7\u00e3o do suic\u00eddio em Dracena"},"content":{"rendered":"<p style=\"text-align: justify;\">A Pol\u00edcia Civil, por interm\u00e9dio da Delegacia Seccional de Pol\u00edcia de Dracena, em parceria com a Unimed dentro do programa de medicina preventiva, promoveu nesta quinta-feira (26), no audit\u00f3rio da Delegacia Seccional, uma palestra sobre preven\u00e7\u00e3o do suic\u00eddio, ministrada para os policiais civis.<\/p>\n<p><img loading=\"lazy\" decoding=\"async\" class=\"alignnone size-full wp-image-7348\" src=\"https:\/\/jorgezanoni.com.br\/2019\/wp-content\/uploads\/2019\/09\/sete-1.jpg\" alt=\"\" width=\"1280\" height=\"634\" srcset=\"https:\/\/jorgezanoni.com.br\/2019\/wp-content\/uploads\/2019\/09\/sete-1.jpg 1280w, https:\/\/jorgezanoni.com.br\/2019\/wp-content\/uploads\/2019\/09\/sete-1-300x149.jpg 300w, https:\/\/jorgezanoni.com.br\/2019\/wp-content\/uploads\/2019\/09\/sete-1-768x380.jpg 768w, https:\/\/jorgezanoni.com.br\/2019\/wp-content\/uploads\/2019\/09\/sete-1-1024x507.jpg 1024w, https:\/\/jorgezanoni.com.br\/2019\/wp-content\/uploads\/2019\/09\/sete-1-324x160.jpg 324w, https:\/\/jorgezanoni.com.br\/2019\/wp-content\/uploads\/2019\/09\/sete-1-696x345.jpg 696w, https:\/\/jorgezanoni.com.br\/2019\/wp-content\/uploads\/2019\/09\/sete-1-1068x529.jpg 1068w, https:\/\/jorgezanoni.com.br\/2019\/wp-content\/uploads\/2019\/09\/sete-1-848x420.jpg 848w\" sizes=\"auto, (max-width: 1280px) 100vw, 1280px\" \/><\/p>\n<p style=\"text-align: justify;\">Com o tema \u201cVamos Falar Sobre o Suic\u00eddio?\u201d o evento foi apresentado pela psic\u00f3loga Ana C\u00e2ndida Meirelles Junqueira, que por cerca de uma hora discorreu sobre assunto e passou importantes orienta\u00e7\u00f5es aos profissionais de seguran\u00e7a p\u00fablica.<\/p>\n<p><img loading=\"lazy\" decoding=\"async\" class=\"alignnone size-full wp-image-7349\" src=\"https:\/\/jorgezanoni.com.br\/2019\/wp-content\/uploads\/2019\/09\/sete1.jpg\" alt=\"\" width=\"1280\" height=\"660\" srcset=\"https:\/\/jorgezanoni.com.br\/2019\/wp-content\/uploads\/2019\/09\/sete1.jpg 1280w, https:\/\/jorgezanoni.com.br\/2019\/wp-content\/uploads\/2019\/09\/sete1-300x155.jpg 300w, https:\/\/jorgezanoni.com.br\/2019\/wp-content\/uploads\/2019\/09\/sete1-768x396.jpg 768w, https:\/\/jorgezanoni.com.br\/2019\/wp-content\/uploads\/2019\/09\/sete1-1024x528.jpg 1024w, https:\/\/jorgezanoni.com.br\/2019\/wp-content\/uploads\/2019\/09\/sete1-696x359.jpg 696w, https:\/\/jorgezanoni.com.br\/2019\/wp-content\/uploads\/2019\/09\/sete1-1068x551.jpg 1068w, https:\/\/jorgezanoni.com.br\/2019\/wp-content\/uploads\/2019\/09\/sete1-815x420.jpg 815w\" sizes=\"auto, (max-width: 1280px) 100vw, 1280px\" \/><\/p>\n<p style=\"text-align: justify;\">Na foto: Dr Alexandre Luengo, Delegado de Pol\u00edcia Assistente da Seccional, a psicologa Ana Candida, Fernando representante da Unimed, e a escriva de pol\u00edcia Daniela.<\/p>\n<p style=\"text-align: justify;\">Fonte: Com. Social Pol\u00edcia Civil<\/p>\n","protected":false},"excerpt":{"rendered":"<p>A Pol\u00edcia Civil, por interm\u00e9dio da Delegacia Seccional de Pol\u00edcia de Dracena, em parceria com a Unimed dentro do programa de medicina preventiva, promoveu nesta quinta-feira (26), no audit\u00f3rio da Delegacia Seccional, uma palestra sobre preven\u00e7\u00e3o do suic\u00eddio, ministrada para os policiais civis. Com o tema \u201cVamos Falar Sobre o Suic\u00eddio?\u201d o evento foi apresentado [&hellip;]<\/p>\n","protected":false},"author":1,"featured_media":7350,"comment_status":"closed","ping_status":"open","sticky":false,"template":"","format":"standard","meta":{"footnotes":""},"categories":[2],"tags":[],"class_list":["post-7347","post","type-post","status-publish","format-standard","has-post-thumbnail","hentry","category-policial"],"_links":{"self":[{"href":"https:\/\/jorgezanoni.com.br\/2019\/wp-json\/wp\/v2\/posts\/7347","targetHints":{"allow":["GET"]}}],"collection":[{"href":"https:\/\/jorgezanoni.com.br\/2019\/wp-json\/wp\/v2\/posts"}],"about":[{"href":"https:\/\/jorgezanoni.com.br\/2019\/wp-json\/wp\/v2\/types\/post"}],"author":[{"embeddable":true,"href":"https:\/\/jorgezanoni.com.br\/2019\/wp-json\/wp\/v2\/users\/1"}],"replies":[{"embeddable":true,"href":"https:\/\/jorgezanoni.com.br\/2019\/wp-json\/wp\/v2\/comments?post=7347"}],"version-history":[{"count":0,"href":"https:\/\/jorgezanoni.com.br\/2019\/wp-json\/wp\/v2\/posts\/7347\/revisions"}],"wp:featuredmedia":[{"embeddable":true,"href":"https:\/\/jorgezanoni.com.br\/2019\/wp-json\/wp\/v2\/media\/7350"}],"wp:attachment":[{"href":"https:\/\/jorgezanoni.com.br\/2019\/wp-json\/wp\/v2\/media?parent=7347"}],"wp:term":[{"taxonomy":"category","embeddable":true,"href":"https:\/\/jorgezanoni.com.br\/2019\/wp-json\/wp\/v2\/categories?post=7347"},{"taxonomy":"post_tag","embeddable":true,"href":"https:\/\/jorgezanoni.com.br\/2019\/wp-json\/wp\/v2\/tags?post=7347"}],"curies":[{"name":"wp","href":"https:\/\/api.w.org\/{rel}","templated":true}]}}