{"id":73469,"date":"2023-02-02T15:29:27","date_gmt":"2023-02-02T15:29:27","guid":{"rendered":"https:\/\/jorgezanoni.com.br\/2019\/?p=73469"},"modified":"2023-02-02T15:51:40","modified_gmt":"2023-02-02T15:51:40","slug":"unifadra-abre-processo-seletivo-de-medicina-para-portadores-de-diploma-2","status":"publish","type":"post","link":"https:\/\/jorgezanoni.com.br\/2019\/unifadra-abre-processo-seletivo-de-medicina-para-portadores-de-diploma-2\/","title":{"rendered":"Unifadra abre Processo Seletivo de Medicina para Portadores de Diploma"},"content":{"rendered":"<p style=\"text-align: justify;\"><i><strong><span style=\"font-size: large;\">Podem concorrer \u00e0s vagas portadores de diploma de curso superior de todas as \u00e1reas.<\/span><\/strong><br \/>\n<\/i><br \/>\n<span style=\"font-size: large;\">A Unifadra Dracena est\u00e1 com inscri\u00e7\u00f5es abertas, at\u00e9 o dia 06\/02, para o Processo Seletivo para pessoas que j\u00e1 tenham diploma de curso superior. Os candidatos aprovados ir\u00e3o ingressar no 1\u00ba termo do curso de Medicina no ano letivo de 2023.<\/span><\/p>\n<p><span style=\"font-size: large;\">Os interessados devem ser portadores de diploma de curso superior de institui\u00e7\u00f5es com situa\u00e7\u00e3o regular no Minist\u00e9rio da Educa\u00e7\u00e3o ou Conselhos Estaduais de Educa\u00e7\u00e3o. Ser\u00e3o aceitos diplomas de n\u00edvel superior de todas as \u00e1reas e as inscri\u00e7\u00f5es devem ser feitas at\u00e9 o dia 06\/02, no site da Fundec:\u00a0<a href=\"http:\/\/fundec.edu.br\/portadordiploma\" target=\"_blank\" rel=\"noopener noreferrer\">http:\/\/fundec.edu.br\/portadordiploma<\/a>\u00a0(leia atentamente o edital).<\/span><\/p>\n<p><span style=\"font-size: large;\">A prova ser\u00e1 realizada presencialmente no dia 07\/02, \u00e0s 14h, na Unifadra (Rua Bahia, 266). O resultado ser\u00e1 divulgado no dia mesmo dia, a partir das 18h, e as matr\u00edculas dever\u00e3o ser feitas pessoalmente pelos candidatos aprovados nos dias 08 e 09\/02. Mais informa\u00e7\u00f5es: (18) 3821-9004.<\/span><\/p>\n<p><span style=\"font-size: large;\"><b>Processo Seletivo de Medicina para Portadores de Diploma<\/b><\/span><br \/>\n<span style=\"font-size: large;\"><b>Inscri\u00e7\u00f5es e edital<\/b>:\u00a0<a href=\"http:\/\/fundec.edu.br\/portadordiploma\" target=\"_blank\" rel=\"noopener noreferrer\">http:\/\/fundec.edu.br\/portadordiploma<\/a><\/span><br \/>\n<span style=\"font-size: large;\"><b>Per\u00edodo<\/b>: de 02 a 06\/02\/2023<\/span><br \/>\n<span style=\"font-size: large;\"><b>Prova<\/b>: 07\/02, \u00e0s 14h, na Unifadra Dracena<\/span><br \/>\n<span style=\"font-size: large;\"><b>Resultado<\/b>: dia 07\/02, ap\u00f3s as 18h<\/span><br \/>\n<span style=\"font-size: large;\"><b>Matr\u00edcula<\/b>: dias 08 e 09\/02<\/span><br \/>\n<span style=\"font-size: large;\"><b>In\u00edcio<\/b>: 1\u00ba termo do curso de Medicina, no dia 10\/02\/2023<\/span><\/p>\n<p>Fonte: Depto de Comunica\u00e7\u00e3o da Fundec<\/p>\n","protected":false},"excerpt":{"rendered":"<p>Podem concorrer \u00e0s vagas portadores de diploma de curso superior de todas as \u00e1reas. A Unifadra Dracena est\u00e1 com inscri\u00e7\u00f5es abertas, at\u00e9 o dia 06\/02, para o Processo Seletivo para pessoas que j\u00e1 tenham diploma de curso superior. Os candidatos aprovados ir\u00e3o ingressar no 1\u00ba termo do curso de Medicina no ano letivo de 2023. [&hellip;]<\/p>\n","protected":false},"author":1,"featured_media":73470,"comment_status":"closed","ping_status":"open","sticky":false,"template":"","format":"standard","meta":{"footnotes":""},"categories":[110,122],"tags":[],"class_list":["post-73469","post","type-post","status-publish","format-standard","has-post-thumbnail","hentry","category-noticiasdestaque","category-saudeeducacaoeconcurso"],"_links":{"self":[{"href":"https:\/\/jorgezanoni.com.br\/2019\/wp-json\/wp\/v2\/posts\/73469","targetHints":{"allow":["GET"]}}],"collection":[{"href":"https:\/\/jorgezanoni.com.br\/2019\/wp-json\/wp\/v2\/posts"}],"about":[{"href":"https:\/\/jorgezanoni.com.br\/2019\/wp-json\/wp\/v2\/types\/post"}],"author":[{"embeddable":true,"href":"https:\/\/jorgezanoni.com.br\/2019\/wp-json\/wp\/v2\/users\/1"}],"replies":[{"embeddable":true,"href":"https:\/\/jorgezanoni.com.br\/2019\/wp-json\/wp\/v2\/comments?post=73469"}],"version-history":[{"count":2,"href":"https:\/\/jorgezanoni.com.br\/2019\/wp-json\/wp\/v2\/posts\/73469\/revisions"}],"predecessor-version":[{"id":73472,"href":"https:\/\/jorgezanoni.com.br\/2019\/wp-json\/wp\/v2\/posts\/73469\/revisions\/73472"}],"wp:featuredmedia":[{"embeddable":true,"href":"https:\/\/jorgezanoni.com.br\/2019\/wp-json\/wp\/v2\/media\/73470"}],"wp:attachment":[{"href":"https:\/\/jorgezanoni.com.br\/2019\/wp-json\/wp\/v2\/media?parent=73469"}],"wp:term":[{"taxonomy":"category","embeddable":true,"href":"https:\/\/jorgezanoni.com.br\/2019\/wp-json\/wp\/v2\/categories?post=73469"},{"taxonomy":"post_tag","embeddable":true,"href":"https:\/\/jorgezanoni.com.br\/2019\/wp-json\/wp\/v2\/tags?post=73469"}],"curies":[{"name":"wp","href":"https:\/\/api.w.org\/{rel}","templated":true}]}}