{"id":73449,"date":"2023-02-01T23:57:11","date_gmt":"2023-02-01T23:57:11","guid":{"rendered":"https:\/\/jorgezanoni.com.br\/2019\/?p=73449"},"modified":"2023-02-01T23:57:11","modified_gmt":"2023-02-01T23:57:11","slug":"fundec-abre-concurso-publico-para-contratacoes-3","status":"publish","type":"post","link":"https:\/\/jorgezanoni.com.br\/2019\/fundec-abre-concurso-publico-para-contratacoes-3\/","title":{"rendered":"Fundec abre concurso p\u00fablico para contrata\u00e7\u00f5es"},"content":{"rendered":"<p style=\"text-align: justify;\"><span style=\"font-size: large;\">A Funda\u00e7\u00e3o Dracenense de Educa\u00e7\u00e3o e Cultura (Fundec) est\u00e1 contratando para vagas administrativas e abriu inscri\u00e7\u00f5es para o Concurso P\u00fablico 01\/2023. O edital est\u00e1 dispon\u00edvel no link <a href=\"https:\/\/fundec.edu.br\/editais\" target=\"_blank\" rel=\"noopener noreferrer\">https:\/\/fundec.edu.br\/editais<\/a>\u00a0e os interessados devem acessar o bot\u00e3o &#8220;Portal de Inscri\u00e7\u00f5es&#8221; para se candidatar \u00e0s vagas, at\u00e9 o dia 17\/02.<\/span><\/p>\n<p><span style=\"font-size: large;\">Os cargos administrativos s\u00e3o para Agente de Organiza\u00e7\u00e3o Escolar (Ensino M\u00e9dio), Assistente de Comunica\u00e7\u00e3o Social (Gradua\u00e7\u00e3o em Jornalismo), Assistente Financeiro (curso t\u00e9cnico ou superior conclu\u00eddo ou em andamento), Auxiliar Administrativo (Ensino M\u00e9dio) e Auxiliar T\u00e9cnico de Eletricidade, \u00c1udio e V\u00eddeo (Ensino M\u00e9dio).<\/span><\/p>\n<p><span style=\"font-size: large;\">A prova escrita ser\u00e1 realizada no dia 26\/02, \u00e0s 9h, na Unifadra. O resultado ser\u00e1 divulgado no dia 09\/03. Os classificados para os cargos de Agente de Organiza\u00e7\u00e3o Escolar e de Assistente de Comunica\u00e7\u00e3o Social ser\u00e3o convocados para a realiza\u00e7\u00e3o de uma prova pr\u00e1tica<\/span><\/p>\n<p>Fonte: Depto. de Comunica\u00e7\u00e3o da FUNDEC<\/p>\n","protected":false},"excerpt":{"rendered":"<p>A Funda\u00e7\u00e3o Dracenense de Educa\u00e7\u00e3o e Cultura (Fundec) est\u00e1 contratando para vagas administrativas e abriu inscri\u00e7\u00f5es para o Concurso P\u00fablico 01\/2023. O edital est\u00e1 dispon\u00edvel no link https:\/\/fundec.edu.br\/editais\u00a0e os interessados devem acessar o bot\u00e3o &#8220;Portal de Inscri\u00e7\u00f5es&#8221; para se candidatar \u00e0s vagas, at\u00e9 o dia 17\/02. Os cargos administrativos s\u00e3o para Agente de Organiza\u00e7\u00e3o Escolar [&hellip;]<\/p>\n","protected":false},"author":1,"featured_media":73450,"comment_status":"closed","ping_status":"open","sticky":false,"template":"","format":"standard","meta":{"footnotes":""},"categories":[110,122],"tags":[],"class_list":["post-73449","post","type-post","status-publish","format-standard","has-post-thumbnail","hentry","category-noticiasdestaque","category-saudeeducacaoeconcurso"],"_links":{"self":[{"href":"https:\/\/jorgezanoni.com.br\/2019\/wp-json\/wp\/v2\/posts\/73449","targetHints":{"allow":["GET"]}}],"collection":[{"href":"https:\/\/jorgezanoni.com.br\/2019\/wp-json\/wp\/v2\/posts"}],"about":[{"href":"https:\/\/jorgezanoni.com.br\/2019\/wp-json\/wp\/v2\/types\/post"}],"author":[{"embeddable":true,"href":"https:\/\/jorgezanoni.com.br\/2019\/wp-json\/wp\/v2\/users\/1"}],"replies":[{"embeddable":true,"href":"https:\/\/jorgezanoni.com.br\/2019\/wp-json\/wp\/v2\/comments?post=73449"}],"version-history":[{"count":1,"href":"https:\/\/jorgezanoni.com.br\/2019\/wp-json\/wp\/v2\/posts\/73449\/revisions"}],"predecessor-version":[{"id":73451,"href":"https:\/\/jorgezanoni.com.br\/2019\/wp-json\/wp\/v2\/posts\/73449\/revisions\/73451"}],"wp:featuredmedia":[{"embeddable":true,"href":"https:\/\/jorgezanoni.com.br\/2019\/wp-json\/wp\/v2\/media\/73450"}],"wp:attachment":[{"href":"https:\/\/jorgezanoni.com.br\/2019\/wp-json\/wp\/v2\/media?parent=73449"}],"wp:term":[{"taxonomy":"category","embeddable":true,"href":"https:\/\/jorgezanoni.com.br\/2019\/wp-json\/wp\/v2\/categories?post=73449"},{"taxonomy":"post_tag","embeddable":true,"href":"https:\/\/jorgezanoni.com.br\/2019\/wp-json\/wp\/v2\/tags?post=73449"}],"curies":[{"name":"wp","href":"https:\/\/api.w.org\/{rel}","templated":true}]}}