{"id":7342,"date":"2019-09-26T17:09:45","date_gmt":"2019-09-26T17:09:45","guid":{"rendered":"https:\/\/jorgezanoni.com.br\/2019\/?p=7342"},"modified":"2019-09-26T17:09:45","modified_gmt":"2019-09-26T17:09:45","slug":"onibus-com-romeiros-da-ba-e-carreta-se-envolvem-em-acidente-na-br-040-na-regiao-central-de-minas","status":"publish","type":"post","link":"https:\/\/jorgezanoni.com.br\/2019\/onibus-com-romeiros-da-ba-e-carreta-se-envolvem-em-acidente-na-br-040-na-regiao-central-de-minas\/","title":{"rendered":"\u00d4nibus com romeiros da BA e carreta se envolvem em acidente na BR-040, na Regi\u00e3o Central de Minas"},"content":{"rendered":"<h2 class=\"content-head__subtitle\" style=\"text-align: justify;\"><strong>Segundo bombeiros, oito pessoas ficaram gravemente feridas. \u00d4nibus havia sa\u00eddo da Bahia com destino a Aparecida (SP).<\/strong><\/h2>\n<p style=\"text-align: justify;\"><img loading=\"lazy\" decoding=\"async\" class=\"alignnone size-full wp-image-7343\" src=\"https:\/\/jorgezanoni.com.br\/2019\/wp-content\/uploads\/2019\/09\/onibus.jpg\" alt=\"\" width=\"1000\" height=\"563\" srcset=\"https:\/\/jorgezanoni.com.br\/2019\/wp-content\/uploads\/2019\/09\/onibus.jpg 1000w, https:\/\/jorgezanoni.com.br\/2019\/wp-content\/uploads\/2019\/09\/onibus-300x169.jpg 300w, https:\/\/jorgezanoni.com.br\/2019\/wp-content\/uploads\/2019\/09\/onibus-768x432.jpg 768w, https:\/\/jorgezanoni.com.br\/2019\/wp-content\/uploads\/2019\/09\/onibus-696x392.jpg 696w, https:\/\/jorgezanoni.com.br\/2019\/wp-content\/uploads\/2019\/09\/onibus-746x420.jpg 746w\" sizes=\"auto, (max-width: 1000px) 100vw, 1000px\" \/>Carreta e \u00f4nibus batem e tombam na BR-040, em Sete Lagoas \u2014 Foto: Reprodu\u00e7\u00e3o\/Corpo de Bombeiros<\/p>\n<div class=\"mc-column content-text active-extra-styles \" data-block-type=\"unstyled\" data-block-weight=\"54\" data-block-id=\"2\">\n<p class=\"content-text__container \" style=\"text-align: justify;\" data-track-category=\"Link no Texto\" data-track-links=\"\">Um \u00f4nibus com romeiros e uma carreta se envolveram em um acidente no fim da tarde desta quarta-feira (25) na BR-040, em Sete Lagoas, na Regi\u00e3o Central de Minas Gerais. De acordo com o Corpo de Bombeiros, oito pessoas ficaram feridas em estado grave, nove em estado \u201cmoderado\u201d e onze ficaram levemente feridos.<\/p>\n<\/div>\n<div class=\"wall protected-content\">\n<div class=\"mc-column content-text active-extra-styles \" style=\"text-align: justify;\" data-block-type=\"unstyled\" data-block-weight=\"24\" data-block-id=\"3\">\n<p class=\"content-text__container \" data-track-category=\"Link no Texto\" data-track-links=\"\">No total, 28 pessoas estavam no \u00f4nibus, que seguia de Cansan\u00e7\u00e3o (BA) para Aparecida (SP). Os feridos foram encaminhados para hospitais de Sete Lagoas.<\/p>\n<\/div>\n<div class=\"mc-column content-text active-extra-styles \" style=\"text-align: justify;\" data-block-type=\"unstyled\" data-block-weight=\"40\" data-block-id=\"4\">\n<p class=\"content-text__container \" data-track-category=\"Link no Texto\" data-track-links=\"\">De acordo com a Via 040, que administra o trecho, os ve\u00edculos bateram na altura do km 462, sentido BH. Em seguida o \u00f4nibus tombou sobre o canteiro central e a carreta tombou na pista. Chovia no momento do acidente.<\/p>\n<\/div>\n<div class=\"mc-column content-text active-extra-styles \" data-block-type=\"unstyled\" data-block-weight=\"35\" data-block-id=\"5\">\n<p class=\"content-text__container \" style=\"text-align: justify;\" data-track-category=\"Link no Texto\" data-track-links=\"\">\u00c0s 19h, o fluxo de ve\u00edculos estava lento no trecho e a rodovia estava parcialmente interditada. A fila era de tr\u00eas quil\u00f4metros no sentido BH e um quil\u00f4metro no sentido DF, segundo a Via 040.<\/p>\n<p data-track-category=\"Link no Texto\" data-track-links=\"\"><img loading=\"lazy\" decoding=\"async\" class=\"alignnone size-full wp-image-7345\" src=\"https:\/\/jorgezanoni.com.br\/2019\/wp-content\/uploads\/2019\/09\/onibus1.jpg\" alt=\"\" width=\"1000\" height=\"563\" srcset=\"https:\/\/jorgezanoni.com.br\/2019\/wp-content\/uploads\/2019\/09\/onibus1.jpg 1000w, https:\/\/jorgezanoni.com.br\/2019\/wp-content\/uploads\/2019\/09\/onibus1-300x169.jpg 300w, https:\/\/jorgezanoni.com.br\/2019\/wp-content\/uploads\/2019\/09\/onibus1-768x432.jpg 768w, https:\/\/jorgezanoni.com.br\/2019\/wp-content\/uploads\/2019\/09\/onibus1-696x392.jpg 696w, https:\/\/jorgezanoni.com.br\/2019\/wp-content\/uploads\/2019\/09\/onibus1-746x420.jpg 746w\" sizes=\"auto, (max-width: 1000px) 100vw, 1000px\" \/><\/p>\n<p style=\"text-align: justify;\" data-track-category=\"Link no Texto\" data-track-links=\"\">Fonte: G1<\/p>\n<\/div>\n<\/div>\n","protected":false},"excerpt":{"rendered":"<p>Segundo bombeiros, oito pessoas ficaram gravemente feridas. \u00d4nibus havia sa\u00eddo da Bahia com destino a Aparecida (SP). Carreta e \u00f4nibus batem e tombam na BR-040, em Sete Lagoas \u2014 Foto: Reprodu\u00e7\u00e3o\/Corpo de Bombeiros Um \u00f4nibus com romeiros e uma carreta se envolveram em um acidente no fim da tarde desta quarta-feira (25) na BR-040, em [&hellip;]<\/p>\n","protected":false},"author":1,"featured_media":7344,"comment_status":"closed","ping_status":"open","sticky":false,"template":"","format":"standard","meta":{"footnotes":""},"categories":[170,110],"tags":[],"class_list":["post-7342","post","type-post","status-publish","format-standard","has-post-thumbnail","hentry","category-acidentes","category-noticiasdestaque"],"_links":{"self":[{"href":"https:\/\/jorgezanoni.com.br\/2019\/wp-json\/wp\/v2\/posts\/7342","targetHints":{"allow":["GET"]}}],"collection":[{"href":"https:\/\/jorgezanoni.com.br\/2019\/wp-json\/wp\/v2\/posts"}],"about":[{"href":"https:\/\/jorgezanoni.com.br\/2019\/wp-json\/wp\/v2\/types\/post"}],"author":[{"embeddable":true,"href":"https:\/\/jorgezanoni.com.br\/2019\/wp-json\/wp\/v2\/users\/1"}],"replies":[{"embeddable":true,"href":"https:\/\/jorgezanoni.com.br\/2019\/wp-json\/wp\/v2\/comments?post=7342"}],"version-history":[{"count":0,"href":"https:\/\/jorgezanoni.com.br\/2019\/wp-json\/wp\/v2\/posts\/7342\/revisions"}],"wp:featuredmedia":[{"embeddable":true,"href":"https:\/\/jorgezanoni.com.br\/2019\/wp-json\/wp\/v2\/media\/7344"}],"wp:attachment":[{"href":"https:\/\/jorgezanoni.com.br\/2019\/wp-json\/wp\/v2\/media?parent=7342"}],"wp:term":[{"taxonomy":"category","embeddable":true,"href":"https:\/\/jorgezanoni.com.br\/2019\/wp-json\/wp\/v2\/categories?post=7342"},{"taxonomy":"post_tag","embeddable":true,"href":"https:\/\/jorgezanoni.com.br\/2019\/wp-json\/wp\/v2\/tags?post=7342"}],"curies":[{"name":"wp","href":"https:\/\/api.w.org\/{rel}","templated":true}]}}