{"id":73386,"date":"2023-02-01T00:06:39","date_gmt":"2023-02-01T00:06:39","guid":{"rendered":"https:\/\/jorgezanoni.com.br\/2019\/?p=73386"},"modified":"2023-02-01T00:06:39","modified_gmt":"2023-02-01T00:06:39","slug":"cep-ume-recebe-a-primeira-turma-do-ensino-medio","status":"publish","type":"post","link":"https:\/\/jorgezanoni.com.br\/2019\/cep-ume-recebe-a-primeira-turma-do-ensino-medio\/","title":{"rendered":"CEP\/UME recebe a primeira turma do Ensino M\u00e9dio"},"content":{"rendered":"<p style=\"text-align: justify;\"><span style=\"font-size: large;\">A manh\u00e3 chuvosa de segunda-feira (30) marcou o in\u00edcio das aulas da primeira turma do Ensino M\u00e9dio Integrado a Jogos Digitais do CEP\/UME. A dire\u00e7\u00e3o, a coordena\u00e7\u00e3o e os professores do curso receberam os alunos e seus respons\u00e1veis para apresentar as instala\u00e7\u00f5es da nova escola e o sistema de ensino.<\/span><\/p>\n<p><span style=\"font-size: large;\">C\u00e1tia Afonso, diretora do CEP\/UME, e Arlene Ten\u00f3rio, coordenadora pedag\u00f3gica do ensino m\u00e9dio, deram as boas-vindas aos 32 alunos da turma e seus familiares e falaram sobre os diferenciais do material did\u00e1tico Maxi para a forma\u00e7\u00e3o dos estudantes. O\u00a0<\/span>Prof. Dr.<span style=\"font-size: large;\">\u00a0Nilton Cezar Pereira Pinto saudou os alunos em nome dos professores.<\/span><\/p>\n<p><span style=\"font-size: large;\">O coordenador do ensino t\u00e9cnico em Jogos Digitais Alexandre de Queiroz falou sobre os professores da turma no ensino t\u00e9cnico, destacando que a maioria \u00e9 tamb\u00e9m docente do curso superior de Tecnologia em An\u00e1lise e Desenvolvimento de Sistemas da Unifadra.<\/span><\/p>\n<p><span style=\"font-size: large;\">Edson Kai, diretor-executivo da Fundec, mantenedora do CEP\/UME, ressaltou a import\u00e2ncia desta nova escola aos jovens de Dracena e regi\u00e3o, que traz a oportunidade de forma\u00e7\u00e3o b\u00e1sica e profissional integrada, com as aulas concentradas em um \u00fanico per\u00edodo. Kai ainda pontuou que, ao final do curso, os estudantes poder\u00e3o estar empregados ou trabalhando como freelancers, se assim desejarem, pois a profiss\u00e3o est\u00e1 em alta no mercado de trabalho.<\/span><\/p>\n<p><span style=\"font-size: large;\">O diretor de Comunica\u00e7\u00e3o e secret\u00e1rio-assistente da diretoria executiva da Fundec Fernando Nunes ressaltou que os alunos do CEP\/UME ser\u00e3o atendidos por professores que lecionam no Anglo-CID e na Unifadra, al\u00e9m de contar com toda a estrutura destas unidades.<\/span><\/p>\n<p><span style=\"font-size: large;\">Em seguida, foi servido um caf\u00e9 e os familiares se despediram dos alunos. No intervalo, a imprensa visitou a escola e registrou a entrega do material e de uma lembran\u00e7a aos alunos, apresentando a turma para a comunidade.<\/span><\/p>\n<p><span style=\"font-size: large;\">As aulas come\u00e7aram, mas ainda \u00e9 poss\u00edvel se matricular na turma do Ensino M\u00e9dio Integrado a Jogos Digitais at\u00e9 o dia 06\/03. Informa\u00e7\u00f5es: (18) 3821-9008<\/span><\/p>\n<p><img loading=\"lazy\" decoding=\"async\" class=\"alignnone size-full wp-image-73387\" src=\"https:\/\/jorgezanoni.com.br\/2019\/wp-content\/uploads\/2023\/02\/maxi.jpeg\" alt=\"\" width=\"700\" height=\"323\" srcset=\"https:\/\/jorgezanoni.com.br\/2019\/wp-content\/uploads\/2023\/02\/maxi.jpeg 700w, https:\/\/jorgezanoni.com.br\/2019\/wp-content\/uploads\/2023\/02\/maxi-300x138.jpeg 300w, https:\/\/jorgezanoni.com.br\/2019\/wp-content\/uploads\/2023\/02\/maxi-696x321.jpeg 696w\" sizes=\"auto, (max-width: 700px) 100vw, 700px\" \/><\/p>\n<p>Fonte: Depto. de Comunica\u00e7\u00e3o da Fundec<\/p>\n","protected":false},"excerpt":{"rendered":"<p>A manh\u00e3 chuvosa de segunda-feira (30) marcou o in\u00edcio das aulas da primeira turma do Ensino M\u00e9dio Integrado a Jogos Digitais do CEP\/UME. A dire\u00e7\u00e3o, a coordena\u00e7\u00e3o e os professores do curso receberam os alunos e seus respons\u00e1veis para apresentar as instala\u00e7\u00f5es da nova escola e o sistema de ensino. C\u00e1tia Afonso, diretora do CEP\/UME, [&hellip;]<\/p>\n","protected":false},"author":1,"featured_media":73388,"comment_status":"closed","ping_status":"open","sticky":false,"template":"","format":"standard","meta":{"footnotes":""},"categories":[110,122],"tags":[],"class_list":["post-73386","post","type-post","status-publish","format-standard","has-post-thumbnail","hentry","category-noticiasdestaque","category-saudeeducacaoeconcurso"],"_links":{"self":[{"href":"https:\/\/jorgezanoni.com.br\/2019\/wp-json\/wp\/v2\/posts\/73386","targetHints":{"allow":["GET"]}}],"collection":[{"href":"https:\/\/jorgezanoni.com.br\/2019\/wp-json\/wp\/v2\/posts"}],"about":[{"href":"https:\/\/jorgezanoni.com.br\/2019\/wp-json\/wp\/v2\/types\/post"}],"author":[{"embeddable":true,"href":"https:\/\/jorgezanoni.com.br\/2019\/wp-json\/wp\/v2\/users\/1"}],"replies":[{"embeddable":true,"href":"https:\/\/jorgezanoni.com.br\/2019\/wp-json\/wp\/v2\/comments?post=73386"}],"version-history":[{"count":1,"href":"https:\/\/jorgezanoni.com.br\/2019\/wp-json\/wp\/v2\/posts\/73386\/revisions"}],"predecessor-version":[{"id":73389,"href":"https:\/\/jorgezanoni.com.br\/2019\/wp-json\/wp\/v2\/posts\/73386\/revisions\/73389"}],"wp:featuredmedia":[{"embeddable":true,"href":"https:\/\/jorgezanoni.com.br\/2019\/wp-json\/wp\/v2\/media\/73388"}],"wp:attachment":[{"href":"https:\/\/jorgezanoni.com.br\/2019\/wp-json\/wp\/v2\/media?parent=73386"}],"wp:term":[{"taxonomy":"category","embeddable":true,"href":"https:\/\/jorgezanoni.com.br\/2019\/wp-json\/wp\/v2\/categories?post=73386"},{"taxonomy":"post_tag","embeddable":true,"href":"https:\/\/jorgezanoni.com.br\/2019\/wp-json\/wp\/v2\/tags?post=73386"}],"curies":[{"name":"wp","href":"https:\/\/api.w.org\/{rel}","templated":true}]}}