{"id":73381,"date":"2023-01-31T15:27:35","date_gmt":"2023-01-31T15:27:35","guid":{"rendered":"https:\/\/jorgezanoni.com.br\/2019\/?p=73381"},"modified":"2023-01-31T15:27:35","modified_gmt":"2023-01-31T15:27:35","slug":"unifadra-recebe-calouros-da-turma-vii-de-medicina","status":"publish","type":"post","link":"https:\/\/jorgezanoni.com.br\/2019\/unifadra-recebe-calouros-da-turma-vii-de-medicina\/","title":{"rendered":"Unifadra recebe calouros da Turma VII de Medicina"},"content":{"rendered":"<p style=\"text-align: justify;\"><span style=\"font-size: large;\">Na manh\u00e3 de segunda-feira, 30 de janeiro, a Unifadra Dracena recebeu os ingressantes da Turma VII de Medicina (T7). Alunos e familiares foram recebidos no Audit\u00f3rio &#8220;Prof. Geraldo Mariano Alves&#8221; com as boas-vindas da dire\u00e7\u00e3o, da coordena\u00e7\u00e3o e do corpo docente da institui\u00e7\u00e3o.<\/span><\/p>\n<p><span style=\"font-size: large;\">O diretor-acad\u00eamico da Unifadra\u00a0<\/span>Prof. Dr.<span style=\"font-size: large;\">\u00a0Enio Garbelini destacou que, ao escolherem cursar Medicina, os alunos devem estar preparados para uma rotina de muita dedica\u00e7\u00e3o, empenho e estudos e afirmou que o apoio da fam\u00edlia durante a jornada de 6 anos na faculdade \u00e9 muito importante para o aluno. &#8220;Dire\u00e7\u00e3o e coordena\u00e7\u00e3o est\u00e3o de portas abertas para atender os acad\u00eamicos&#8221;, finalizou.<\/span><\/p>\n<p><span style=\"font-size: large;\">Edson Kai, diretor-executivo da Fundec, mantenedora da Unifadra, falou sobre a faculdade, a implanta\u00e7\u00e3o do curso de Medicina, que utiliza metodologias ativas de ensino, e os benef\u00edcios que o curso tem trazido para a regi\u00e3o. Na oportunidade, lembrou que, em breve, Dracena tamb\u00e9m contar\u00e1 com o atendimento de neurocirurgias. Al\u00e9m disso, pontuou que o curso de Medicina \u00e9 muito complexo, exigindo do aluno muito estudo, e enalteceu as titula\u00e7\u00f5es conquistadas por nossos professores, que est\u00e3o conciliando a rotina profissional com estudos e pesquisas para mestrado e doutorado.<\/span><\/p>\n<p><span style=\"font-size: large;\">A\u00a0<\/span>Profa. Dra.<span style=\"font-size: large;\">\u00a0Marilda Morgado de Abreu, coordenadora do curso, apresentou as metodologias ativas adotadas pela Unifadra, explicou o m\u00e9todo PBL (Problem Based Learning) e a forma de avalia\u00e7\u00e3o dos alunos, ressaltando que, desde o in\u00edcio do curso, os alunos aliam teoria e pr\u00e1tica e s\u00e3o inseridos no atendimento \u00e0 comunidade.<\/span><\/p>\n<p><span style=\"font-size: large;\">Em seguida, foi realizada a Cerim\u00f4nia do Jaleco e os ingressantes celebraram o in\u00edcio da Turma VII do curso de Medicina. No per\u00edodo da tarde, foi realizada a divis\u00e3o das turmas e grupos de tutoria. Hoje de manh\u00e3 (31), os alunos j\u00e1 foram apresentados \u00e0 1\u00aa Situa\u00e7\u00e3o Problema da Tutoria.<\/span><\/p>\n<p><img loading=\"lazy\" decoding=\"async\" class=\"alignnone size-full wp-image-73383\" src=\"https:\/\/jorgezanoni.com.br\/2019\/wp-content\/uploads\/2023\/01\/medi1.jpeg\" alt=\"\" width=\"700\" height=\"389\" srcset=\"https:\/\/jorgezanoni.com.br\/2019\/wp-content\/uploads\/2023\/01\/medi1.jpeg 700w, https:\/\/jorgezanoni.com.br\/2019\/wp-content\/uploads\/2023\/01\/medi1-300x167.jpeg 300w, https:\/\/jorgezanoni.com.br\/2019\/wp-content\/uploads\/2023\/01\/medi1-696x387.jpeg 696w\" sizes=\"auto, (max-width: 700px) 100vw, 700px\" \/><\/p>\n<p>Fonte: Depto. de Comunica\u00e7\u00e3o da FUNDEC<\/p>\n","protected":false},"excerpt":{"rendered":"<p>Na manh\u00e3 de segunda-feira, 30 de janeiro, a Unifadra Dracena recebeu os ingressantes da Turma VII de Medicina (T7). Alunos e familiares foram recebidos no Audit\u00f3rio &#8220;Prof. Geraldo Mariano Alves&#8221; com as boas-vindas da dire\u00e7\u00e3o, da coordena\u00e7\u00e3o e do corpo docente da institui\u00e7\u00e3o. O diretor-acad\u00eamico da Unifadra\u00a0Prof. Dr.\u00a0Enio Garbelini destacou que, ao escolherem cursar Medicina, [&hellip;]<\/p>\n","protected":false},"author":1,"featured_media":73382,"comment_status":"closed","ping_status":"open","sticky":false,"template":"","format":"standard","meta":{"footnotes":""},"categories":[110,122],"tags":[],"class_list":["post-73381","post","type-post","status-publish","format-standard","has-post-thumbnail","hentry","category-noticiasdestaque","category-saudeeducacaoeconcurso"],"_links":{"self":[{"href":"https:\/\/jorgezanoni.com.br\/2019\/wp-json\/wp\/v2\/posts\/73381","targetHints":{"allow":["GET"]}}],"collection":[{"href":"https:\/\/jorgezanoni.com.br\/2019\/wp-json\/wp\/v2\/posts"}],"about":[{"href":"https:\/\/jorgezanoni.com.br\/2019\/wp-json\/wp\/v2\/types\/post"}],"author":[{"embeddable":true,"href":"https:\/\/jorgezanoni.com.br\/2019\/wp-json\/wp\/v2\/users\/1"}],"replies":[{"embeddable":true,"href":"https:\/\/jorgezanoni.com.br\/2019\/wp-json\/wp\/v2\/comments?post=73381"}],"version-history":[{"count":1,"href":"https:\/\/jorgezanoni.com.br\/2019\/wp-json\/wp\/v2\/posts\/73381\/revisions"}],"predecessor-version":[{"id":73385,"href":"https:\/\/jorgezanoni.com.br\/2019\/wp-json\/wp\/v2\/posts\/73381\/revisions\/73385"}],"wp:featuredmedia":[{"embeddable":true,"href":"https:\/\/jorgezanoni.com.br\/2019\/wp-json\/wp\/v2\/media\/73382"}],"wp:attachment":[{"href":"https:\/\/jorgezanoni.com.br\/2019\/wp-json\/wp\/v2\/media?parent=73381"}],"wp:term":[{"taxonomy":"category","embeddable":true,"href":"https:\/\/jorgezanoni.com.br\/2019\/wp-json\/wp\/v2\/categories?post=73381"},{"taxonomy":"post_tag","embeddable":true,"href":"https:\/\/jorgezanoni.com.br\/2019\/wp-json\/wp\/v2\/tags?post=73381"}],"curies":[{"name":"wp","href":"https:\/\/api.w.org\/{rel}","templated":true}]}}