{"id":7337,"date":"2019-09-26T16:42:10","date_gmt":"2019-09-26T16:42:10","guid":{"rendered":"https:\/\/jorgezanoni.com.br\/2019\/?p=7337"},"modified":"2019-09-26T16:42:10","modified_gmt":"2019-09-26T16:42:10","slug":"policia-militar-apreende-carga-contrabandeada-de-pecas-automotivas-avaliada-em-r-2-milhoes","status":"publish","type":"post","link":"https:\/\/jorgezanoni.com.br\/2019\/policia-militar-apreende-carga-contrabandeada-de-pecas-automotivas-avaliada-em-r-2-milhoes\/","title":{"rendered":"Pol\u00edcia Militar apreende carga contrabandeada de pe\u00e7as automotivas avaliada em R$ 2 milh\u00f5es"},"content":{"rendered":"<h2 class=\"content-head__subtitle\" style=\"text-align: justify;\"><strong>Produtos eram transportados numa carreta que foi abordada em Pirapozinho. Um homem de 31 anos foi preso.<\/strong><\/h2>\n<p><img loading=\"lazy\" decoding=\"async\" class=\"alignnone size-full wp-image-7338\" src=\"https:\/\/jorgezanoni.com.br\/2019\/wp-content\/uploads\/2019\/09\/carga.jpeg\" alt=\"\" width=\"1000\" height=\"921\" srcset=\"https:\/\/jorgezanoni.com.br\/2019\/wp-content\/uploads\/2019\/09\/carga.jpeg 1000w, https:\/\/jorgezanoni.com.br\/2019\/wp-content\/uploads\/2019\/09\/carga-300x276.jpeg 300w, https:\/\/jorgezanoni.com.br\/2019\/wp-content\/uploads\/2019\/09\/carga-768x707.jpeg 768w, https:\/\/jorgezanoni.com.br\/2019\/wp-content\/uploads\/2019\/09\/carga-696x641.jpeg 696w, https:\/\/jorgezanoni.com.br\/2019\/wp-content\/uploads\/2019\/09\/carga-456x420.jpeg 456w\" sizes=\"auto, (max-width: 1000px) 100vw, 1000px\" \/>Carga era transportada em carreta \u2014 Foto: Pol\u00edcia Militar<\/p>\n<div class=\"mc-column content-text active-extra-styles \" data-block-type=\"unstyled\" data-block-weight=\"45\" data-block-id=\"2\">\n<p class=\"content-text__container \" style=\"text-align: justify;\" data-track-category=\"Link no Texto\" data-track-links=\"\">A Pol\u00edcia Militar apreendeu, na madrugada desta quinta-feira (26), uma carga contrabandeada de pe\u00e7as automotivas avaliada em R$ 2 milh\u00f5es. Os produtos eram transportados em uma carreta que foi abordada na Estrada Vicinal Maria Ruiz Martins, em Pirapozinho. Um homem de 31 anos foi preso.<\/p>\n<\/div>\n<div class=\"wall protected-content\">\n<div class=\"mc-column content-text active-extra-styles \" style=\"text-align: justify;\" data-block-type=\"unstyled\" data-block-weight=\"32\" data-block-id=\"3\">\n<p class=\"content-text__container \" data-track-category=\"Link no Texto\" data-track-links=\"\">A Pol\u00edcia Militar patrulhava pela estrada vicinal, que liga o munic\u00edpio a Anhumas, quando abordou a carreta, com placas de Gramado dos Loureiros (RS), conduzida por um homem de 31 anos.<\/p>\n<\/div>\n<div class=\"mc-column content-text active-extra-styles \" style=\"text-align: justify;\" data-block-type=\"unstyled\" data-block-weight=\"30\" data-block-id=\"4\">\n<p class=\"content-text__container \" data-track-category=\"Link no Texto\" data-track-links=\"\">Em breve entrevista na abordagem, os policiais notaram um certo nervosismo por parte do motorista. O homem informou que havia sa\u00eddo de Iguatemi (MS) com destino a Jandira (SP).<\/p>\n<\/div>\n<div class=\"mc-column content-text active-extra-styles \" style=\"text-align: justify;\" data-block-type=\"unstyled\" data-block-weight=\"38\" data-block-id=\"5\">\n<p class=\"content-text__container \" data-track-category=\"Link no Texto\" data-track-links=\"\">Pelo fato da cidade de origem ser pr\u00f3xima \u00e0 fronteira com o Paraguai e o local da abordagem ser rota do tr\u00e1fico, contrabando e descaminho, os militares solicitaram a nota fiscal da carga, que constava sucata de ferro.<\/p>\n<\/div>\n<div class=\"mc-column content-text active-extra-styles \" style=\"text-align: justify;\" data-block-type=\"unstyled\" data-block-weight=\"24\" data-block-id=\"6\">\n<p class=\"content-text__container \" data-track-category=\"Link no Texto\" data-track-links=\"\">Por\u00e9m, ao realizar vistoria no interior da carreta, a equipe constatou cerca de 10 mil caixas desorganizadas de pe\u00e7as novas de ve\u00edculo automotor.<\/p>\n<\/div>\n<div class=\"mc-column content-text active-extra-styles \" style=\"text-align: justify;\" data-block-type=\"unstyled\" data-block-weight=\"20\" data-block-id=\"7\">\n<p class=\"content-text__container \" data-track-category=\"Link no Texto\" data-track-links=\"\">Nas caixas continham informa\u00e7\u00f5es de que a origem do material era chinesa e algumas possu\u00edam etiquetas de transporte paraguaias.<\/p>\n<\/div>\n<div class=\"mc-column content-text active-extra-styles \" style=\"text-align: justify;\" data-block-type=\"unstyled\" data-block-weight=\"33\" data-block-id=\"8\">\n<p class=\"content-text__container \" data-track-category=\"Link no Texto\" data-track-links=\"\">Dentre as pe\u00e7as continham plat\u00f4s, fric\u00e7\u00f5es, campanas, pist\u00f5es, lonas e discos de freios para carretas e ve\u00edculos de pequeno porte. Todos os produtos estavam embalados em caixas novas e lacradas, por\u00e9m desorganizadas.<\/p>\n<\/div>\n<div class=\"mc-column content-text active-extra-styles \" style=\"text-align: justify;\" data-block-type=\"unstyled\" data-block-weight=\"34\" data-block-id=\"10\">\n<p class=\"content-text__container \" data-track-category=\"Link no Texto\" data-track-links=\"\">O motorista foi cientificado do cometimento do crime de descaminho, artigo 344 do C\u00f3digo Penal, e foi encaminhado \u00e0 Delegacia da Pol\u00edcia Federal de Presidente Prudente, bem como a carreta e as pe\u00e7as.<\/p>\n<\/div>\n<div class=\"mc-column content-text active-extra-styles \" style=\"text-align: justify;\" data-block-type=\"unstyled\" data-block-weight=\"34\" data-block-id=\"11\">\n<p class=\"content-text__container \" style=\"text-align: justify;\" data-track-category=\"Link no Texto\" data-track-links=\"\">Na unidade foi ratificada a voz de pris\u00e3o em flagrante ao motorista e arbitrada a fian\u00e7a de R$ 50 mil, a qual n\u00e3o foi paga pelo homem. Ele permaneceu \u00e0 disposi\u00e7\u00e3o da Justi\u00e7a.<\/p>\n<\/div>\n<div class=\"mc-column content-text active-extra-styles \" data-block-type=\"unstyled\" data-block-weight=\"14\" data-block-id=\"12\">\n<p class=\"content-text__container \" style=\"text-align: justify;\" data-track-category=\"Link no Texto\" data-track-links=\"\">A carga foi avaliada em R$ 2 milh\u00f5es e ser\u00e1 reavaliada pela Receita Federal.<\/p>\n<p style=\"text-align: justify;\" data-track-category=\"Link no Texto\" data-track-links=\"\"><img loading=\"lazy\" decoding=\"async\" class=\"alignnone size-full wp-image-7339\" src=\"https:\/\/jorgezanoni.com.br\/2019\/wp-content\/uploads\/2019\/09\/carga1.jpg\" alt=\"\" width=\"1000\" height=\"563\" srcset=\"https:\/\/jorgezanoni.com.br\/2019\/wp-content\/uploads\/2019\/09\/carga1.jpg 1000w, https:\/\/jorgezanoni.com.br\/2019\/wp-content\/uploads\/2019\/09\/carga1-300x169.jpg 300w, https:\/\/jorgezanoni.com.br\/2019\/wp-content\/uploads\/2019\/09\/carga1-768x432.jpg 768w, https:\/\/jorgezanoni.com.br\/2019\/wp-content\/uploads\/2019\/09\/carga1-696x392.jpg 696w, https:\/\/jorgezanoni.com.br\/2019\/wp-content\/uploads\/2019\/09\/carga1-746x420.jpg 746w\" sizes=\"auto, (max-width: 1000px) 100vw, 1000px\" \/>Carga era transportada em carreta \u2014 Foto: Pol\u00edcia Militar<\/p>\n<p data-track-category=\"Link no Texto\" data-track-links=\"\">Fonte: G1<\/p>\n<\/div>\n<\/div>\n","protected":false},"excerpt":{"rendered":"<p>Produtos eram transportados numa carreta que foi abordada em Pirapozinho. Um homem de 31 anos foi preso. Carga era transportada em carreta \u2014 Foto: Pol\u00edcia Militar A Pol\u00edcia Militar apreendeu, na madrugada desta quinta-feira (26), uma carga contrabandeada de pe\u00e7as automotivas avaliada em R$ 2 milh\u00f5es. Os produtos eram transportados em uma carreta que foi [&hellip;]<\/p>\n","protected":false},"author":1,"featured_media":7340,"comment_status":"closed","ping_status":"open","sticky":false,"template":"","format":"standard","meta":{"footnotes":""},"categories":[110,2],"tags":[],"class_list":["post-7337","post","type-post","status-publish","format-standard","has-post-thumbnail","hentry","category-noticiasdestaque","category-policial"],"_links":{"self":[{"href":"https:\/\/jorgezanoni.com.br\/2019\/wp-json\/wp\/v2\/posts\/7337","targetHints":{"allow":["GET"]}}],"collection":[{"href":"https:\/\/jorgezanoni.com.br\/2019\/wp-json\/wp\/v2\/posts"}],"about":[{"href":"https:\/\/jorgezanoni.com.br\/2019\/wp-json\/wp\/v2\/types\/post"}],"author":[{"embeddable":true,"href":"https:\/\/jorgezanoni.com.br\/2019\/wp-json\/wp\/v2\/users\/1"}],"replies":[{"embeddable":true,"href":"https:\/\/jorgezanoni.com.br\/2019\/wp-json\/wp\/v2\/comments?post=7337"}],"version-history":[{"count":0,"href":"https:\/\/jorgezanoni.com.br\/2019\/wp-json\/wp\/v2\/posts\/7337\/revisions"}],"wp:featuredmedia":[{"embeddable":true,"href":"https:\/\/jorgezanoni.com.br\/2019\/wp-json\/wp\/v2\/media\/7340"}],"wp:attachment":[{"href":"https:\/\/jorgezanoni.com.br\/2019\/wp-json\/wp\/v2\/media?parent=7337"}],"wp:term":[{"taxonomy":"category","embeddable":true,"href":"https:\/\/jorgezanoni.com.br\/2019\/wp-json\/wp\/v2\/categories?post=7337"},{"taxonomy":"post_tag","embeddable":true,"href":"https:\/\/jorgezanoni.com.br\/2019\/wp-json\/wp\/v2\/tags?post=7337"}],"curies":[{"name":"wp","href":"https:\/\/api.w.org\/{rel}","templated":true}]}}