{"id":73360,"date":"2023-01-30T21:34:25","date_gmt":"2023-01-30T21:34:25","guid":{"rendered":"https:\/\/jorgezanoni.com.br\/2019\/?p=73360"},"modified":"2023-01-30T21:34:25","modified_gmt":"2023-01-30T21:34:25","slug":"clinica-vida-e-saude-muitos-olhares-em-busca-de-um-unico-olhar","status":"publish","type":"post","link":"https:\/\/jorgezanoni.com.br\/2019\/clinica-vida-e-saude-muitos-olhares-em-busca-de-um-unico-olhar\/","title":{"rendered":"CL\u00cdNICA VIDA E SA\u00daDE: Muitos OLHARES em busca de um \u00fanico OLHAR&#8230;"},"content":{"rendered":"<p style=\"text-align: justify;\"><strong>CL\u00cdNICA VIDA E SA\u00daDE: Muitos OLHARES em busca de um \u00fanico OLHAR&#8230;<\/strong><\/p>\n<p style=\"text-align: justify;\"><strong><em>\u201cNingu\u00e9m conseguir\u00e1 trabalhar em equipe se n\u00e3o aprender a ouvir. Ningu\u00e9m aprender\u00e1 a ouvir se n\u00e3o aprender a se colocar no lugar dos outros.\u201d (<\/em><\/strong><a href=\"https:\/\/www.pensador.com\/autor\/augusto_cury\/\"><strong><em>Augusto Cury<\/em><\/strong><\/a><strong><em>)<\/em><\/strong><strong>\u00a0<\/strong><\/p>\n<p style=\"text-align: justify;\">O cen\u00e1rio atual est\u00e1 sendo mediado pelos desencontros patrocinados, ainda, pela PANDEMIA dos \u00faltimos anos em n\u00edvel glocal, ou seja, do global para o local&#8230;<\/p>\n<p style=\"text-align: justify;\">Por\u00e9m, torna-se necess\u00e1rio estar em conex\u00e3o com as novas propostas que ocorrem em todas as \u00e1reas do MERCADO em tempo de p\u00f3s-globaliza\u00e7\u00e3o organizacional&#8230;<\/p>\n<p style=\"text-align: justify;\">Tamb\u00e9m, a preocupa\u00e7\u00e3o com a SA\u00daDE torna-se um fator fundamental para o SER HUMANO neste contexto plural para a sociedade e suas necessidades b\u00e1sicas de sobreviv\u00eancia&#8230;<\/p>\n<p style=\"text-align: justify;\">A proposta, ainda, est\u00e1 em fase de consolida\u00e7\u00e3o profissional, tendo em vista que o in\u00edcio foi em setembro de 2.022, assim, a CL\u00cdNICA VIDA E SA\u00daDE, tem como objetivo prestar um ATENDIMENTO que est\u00e1 al\u00e9m de uma proposta simplificada de ESTAR, pois, \u00e9 necess\u00e1rio SER quando se trata de atuar com VIDA E SA\u00daDE&#8230;<\/p>\n<p style=\"text-align: justify;\">A Equipe, a saber: ALINE GARCEZ VIRG\u00cdLIO (psic\u00f3loga e neuropsic\u00f3loga infantil); BEATRIZ CRISTINA SILVA SANTOS (Terapeuta Ocupacional); LAIS DANIEL FERREIRA (Psic\u00f3loga e Analista do Comportamento); LET\u00cdCIA OZELIN DOMINGUES (Psic\u00f3loga); LUCIANA PARISI MARTINS YAMAURA (Psic\u00f3loga, Neuropsic\u00f3loga infantil e Analista do Comportamento); MERY HELLEN TRANCHE LIMA ALVES (Fonoaudi\u00f3loga Infantil) e TATIANE FAZION DE FREITAS (Fisioterapeuta Neurofuncional Infantil e Adulto), antes do in\u00edcio das atividades por meio da VIDA E SA\u00daDE, desenvolveram diversas atividades interdisciplinares em parceria nos \u00faltimos CINCO ANOS&#8230;<\/p>\n<p style=\"text-align: justify;\">Portanto,\u00a0 trata-se de uma PROPOSTA que busca atuar por meio da PLURALIDADE que apenas um trabalho profissional em EQUIPE pode oferecer de acordo com as necessidades dos\/as PACIENTES neste tempo novo tempo que se chama hoje&#8230;<\/p>\n<p style=\"text-align: justify;\">O diferencial da VIDA E SA\u00daDE est\u00e1 em sintonia com as novas EXIG\u00caNCIAS na \u00e1rea de atua\u00e7\u00e3o, todavia, o trabalho desenvolvido por meio de atividades espec\u00edficas afins aos objetivos das PROFISSIONAIS, demonstram que s\u00e3o diversos OLHARES sobre os\/as PACIENTES, por\u00e9m, o que prevalece \u00e9 apenas um \u00daNICO OLHAR quando se trata da recupera\u00e7\u00e3o integral que envolvem a VIDA\u00a0 e a SA\u00daDE&#8230;<\/p>\n<p style=\"text-align: justify;\">Outro diferencial a ser considerado quanto ao envolvimento da EQUIPE com a proposta apresentada, encontra-se no ESPA\u00c7O F\u00cdSICO\/INFRAESTRUTURA que a VIDA E SA\u00daDE disponibiliza para todos\/as dos\/as PACIENTES e PROFISSIONAIS&#8230;<\/p>\n<p style=\"text-align: justify;\">A EQUIPE possui forma\u00e7\u00e3o ACAD\u00caMICA (gradua\u00e7\u00e3o) com TITULA\u00c7\u00c3O em n\u00edveis de LATO-SENTU (especializa\u00e7\u00e3o) e SCRITO-SENSU (mestrado e doutorado) nas respectivas \u00e1reas de atua\u00e7\u00e3o, desta forma, disponibilizando para todos\/as os\/as PACIENTES atendidos\/as, al\u00e9m da PRAXIS, tamb\u00e9m, forma\u00e7\u00e3o com qualifica\u00e7\u00e3o ACAD\u00caMICA&#8230;<\/p>\n<p><img loading=\"lazy\" decoding=\"async\" class=\"alignnone size-full wp-image-73362\" src=\"https:\/\/jorgezanoni.com.br\/2019\/wp-content\/uploads\/2023\/01\/ada1.jpg\" alt=\"\" width=\"700\" height=\"525\" srcset=\"https:\/\/jorgezanoni.com.br\/2019\/wp-content\/uploads\/2023\/01\/ada1.jpg 700w, https:\/\/jorgezanoni.com.br\/2019\/wp-content\/uploads\/2023\/01\/ada1-300x225.jpg 300w, https:\/\/jorgezanoni.com.br\/2019\/wp-content\/uploads\/2023\/01\/ada1-80x60.jpg 80w, https:\/\/jorgezanoni.com.br\/2019\/wp-content\/uploads\/2023\/01\/ada1-265x198.jpg 265w, https:\/\/jorgezanoni.com.br\/2019\/wp-content\/uploads\/2023\/01\/ada1-696x522.jpg 696w, https:\/\/jorgezanoni.com.br\/2019\/wp-content\/uploads\/2023\/01\/ada1-560x420.jpg 560w\" sizes=\"auto, (max-width: 700px) 100vw, 700px\" \/><\/p>\n<p>Fonte: S\u00e9rgio Barbosa\/ACE\/Adamantina<\/p>\n<p>&nbsp;<\/p>\n","protected":false},"excerpt":{"rendered":"<p>CL\u00cdNICA VIDA E SA\u00daDE: Muitos OLHARES em busca de um \u00fanico OLHAR&#8230; \u201cNingu\u00e9m conseguir\u00e1 trabalhar em equipe se n\u00e3o aprender a ouvir. Ningu\u00e9m aprender\u00e1 a ouvir se n\u00e3o aprender a se colocar no lugar dos outros.\u201d (Augusto Cury)\u00a0 O cen\u00e1rio atual est\u00e1 sendo mediado pelos desencontros patrocinados, ainda, pela PANDEMIA dos \u00faltimos anos em n\u00edvel [&hellip;]<\/p>\n","protected":false},"author":1,"featured_media":73361,"comment_status":"closed","ping_status":"open","sticky":false,"template":"","format":"standard","meta":{"footnotes":""},"categories":[114,110],"tags":[],"class_list":["post-73360","post","type-post","status-publish","format-standard","has-post-thumbnail","hentry","category-geralecomercio","category-noticiasdestaque"],"_links":{"self":[{"href":"https:\/\/jorgezanoni.com.br\/2019\/wp-json\/wp\/v2\/posts\/73360","targetHints":{"allow":["GET"]}}],"collection":[{"href":"https:\/\/jorgezanoni.com.br\/2019\/wp-json\/wp\/v2\/posts"}],"about":[{"href":"https:\/\/jorgezanoni.com.br\/2019\/wp-json\/wp\/v2\/types\/post"}],"author":[{"embeddable":true,"href":"https:\/\/jorgezanoni.com.br\/2019\/wp-json\/wp\/v2\/users\/1"}],"replies":[{"embeddable":true,"href":"https:\/\/jorgezanoni.com.br\/2019\/wp-json\/wp\/v2\/comments?post=73360"}],"version-history":[{"count":1,"href":"https:\/\/jorgezanoni.com.br\/2019\/wp-json\/wp\/v2\/posts\/73360\/revisions"}],"predecessor-version":[{"id":73363,"href":"https:\/\/jorgezanoni.com.br\/2019\/wp-json\/wp\/v2\/posts\/73360\/revisions\/73363"}],"wp:featuredmedia":[{"embeddable":true,"href":"https:\/\/jorgezanoni.com.br\/2019\/wp-json\/wp\/v2\/media\/73361"}],"wp:attachment":[{"href":"https:\/\/jorgezanoni.com.br\/2019\/wp-json\/wp\/v2\/media?parent=73360"}],"wp:term":[{"taxonomy":"category","embeddable":true,"href":"https:\/\/jorgezanoni.com.br\/2019\/wp-json\/wp\/v2\/categories?post=73360"},{"taxonomy":"post_tag","embeddable":true,"href":"https:\/\/jorgezanoni.com.br\/2019\/wp-json\/wp\/v2\/tags?post=73360"}],"curies":[{"name":"wp","href":"https:\/\/api.w.org\/{rel}","templated":true}]}}