{"id":73291,"date":"2023-01-28T17:00:55","date_gmt":"2023-01-28T17:00:55","guid":{"rendered":"https:\/\/jorgezanoni.com.br\/2019\/?p=73291"},"modified":"2023-01-28T17:02:09","modified_gmt":"2023-01-28T17:02:09","slug":"ace-de-adamantina-e-site-jz-passam-a-ser-parceiros-comerciais","status":"publish","type":"post","link":"https:\/\/jorgezanoni.com.br\/2019\/ace-de-adamantina-e-site-jz-passam-a-ser-parceiros-comerciais\/","title":{"rendered":"ACE de Adamantina e Site JZ passam a ser parceiros comerciais"},"content":{"rendered":"<p style=\"text-align: justify;\"><strong>Parceria editorial entre ACE e JZ-JORGE ZANONI<\/strong><\/p>\n<p style=\"text-align: justify;\">Todas as parcerias s\u00e3o importantes em todas as \u00e1reas do mercado em tempo de p\u00f3s-globaliza\u00e7\u00e3o midi\u00e1tica, portanto, faz-se necess\u00e1rio estar constantemente em conex\u00e3o com as possibilidades afins aos interesses mercadol\u00f3gicos.<\/p>\n<p style=\"text-align: justify;\">Neste cen\u00e1rio, todas as Organiza\u00e7\u00f5es que atuam nas \u00e1reas da produ\u00e7\u00e3o e servi\u00e7os, necessitam da divulga\u00e7\u00e3o para as atividades desenvolvidas em busca do p\u00fablico alvo.<\/p>\n<p style=\"text-align: justify;\">Portanto, o contexto atual oferece diversas op\u00e7\u00f5es de atua\u00e7\u00e3o por meio das denominadas plataformas digitais, tendo em vista a tecnologia que est\u00e1 em sintonia com as Redes Sociais disponibilizadas no mercado.<\/p>\n<p style=\"text-align: justify;\"><strong>Parcerias efetivas<\/strong><\/p>\n<p style=\"text-align: justify;\">Desta forma, a ACE- Associa\u00e7\u00e3o Comercial e Empresarial de Adamantina por meio de parceria com SITES e PORTAIS de Not\u00edcias em n\u00edvel regional (Adamantina, Luc\u00e9lia, Osvaldo Cruz e Dracena), estar\u00e1 publicando mat\u00e9rias assinadas pelo Jornalista Diplomado, S\u00c9RGIO BARBOSA, ainda, tendo como pautas as Organiza\u00e7\u00f5es Empresariais de Adamantina.<\/p>\n<p><img loading=\"lazy\" decoding=\"async\" class=\"alignnone size-full wp-image-73294\" src=\"https:\/\/jorgezanoni.com.br\/2019\/wp-content\/uploads\/2023\/01\/Sergio-Barbosa-2-Pequeno.jpg\" alt=\"\" width=\"480\" height=\"773\" srcset=\"https:\/\/jorgezanoni.com.br\/2019\/wp-content\/uploads\/2023\/01\/Sergio-Barbosa-2-Pequeno.jpg 480w, https:\/\/jorgezanoni.com.br\/2019\/wp-content\/uploads\/2023\/01\/Sergio-Barbosa-2-Pequeno-186x300.jpg 186w, https:\/\/jorgezanoni.com.br\/2019\/wp-content\/uploads\/2023\/01\/Sergio-Barbosa-2-Pequeno-261x420.jpg 261w\" sizes=\"auto, (max-width: 480px) 100vw, 480px\" \/>Jornalista S\u00e9rgio Barbosa<\/p>\n<p style=\"text-align: justify;\">Tamb\u00e9m, trata-se de um projeto editorial que tem como proposta a publica\u00e7\u00e3o do e-book\/livro digital, a saber: ADAMANTINA: Novas Perspectivas de Organiza\u00e7\u00f5es Empresariais, Volume 2.<\/p>\n<p><img loading=\"lazy\" decoding=\"async\" class=\"alignnone size-full wp-image-73293\" src=\"https:\/\/jorgezanoni.com.br\/2019\/wp-content\/uploads\/2023\/01\/meio-2-Pequeno.jpg\" alt=\"\" width=\"650\" height=\"480\" srcset=\"https:\/\/jorgezanoni.com.br\/2019\/wp-content\/uploads\/2023\/01\/meio-2-Pequeno.jpg 650w, https:\/\/jorgezanoni.com.br\/2019\/wp-content\/uploads\/2023\/01\/meio-2-Pequeno-300x222.jpg 300w, https:\/\/jorgezanoni.com.br\/2019\/wp-content\/uploads\/2023\/01\/meio-2-Pequeno-80x60.jpg 80w, https:\/\/jorgezanoni.com.br\/2019\/wp-content\/uploads\/2023\/01\/meio-2-Pequeno-569x420.jpg 569w\" sizes=\"auto, (max-width: 650px) 100vw, 650px\" \/>Novas Perspectivas de Organiza\u00e7\u00f5es Empresariais, Volume 2.<\/p>\n<p style=\"text-align: justify;\">Deve-se registrar que no ano de 2.021, a ACE em coedi\u00e7\u00e3o com a ASSPEM (Luc\u00e9lia) e EDI\u00c7\u00d5ES LITER\u00c1RIAS (Presidente Prudente), publicou o volume 1 deste projeto editorial, ainda, os textos foram postados em SITES das cidades de Adamantina, Luc\u00e9lia e Osvaldo Cruz.<\/p>\n<p style=\"text-align: justify;\"><strong>JZ- Jorge Zanoni<\/strong><\/p>\n<p style=\"text-align: justify;\">Neste ano, as parcerias continuam com a mesma proposta editorial, ou seja, todas as semanas e de acordo com as pautas do site JORGE ZANONI NOT\u00cdCIAS, ser\u00e3o postados 2 TEXTOS das Organiza\u00e7\u00f5es de Adamantina visando a divulga\u00e7\u00e3o das atividades das mesmas, todavia, buscando apresentar um outro lado para o MERCADO neste TEMPO NOVO TEMPO&#8230;<\/p>\n<p style=\"text-align: justify;\">Neste Projeto Editorial, al\u00e9m das EDI\u00c7\u00d5ES LITER\u00c1RIAS na coedi\u00e7\u00e3o do E-BOOK\/LIVRO DIGITAL, estar\u00e1 participando com APOIO INSTITUCIONAL, a C\u00e1tedra UNESCO\/UMESP de Comunica\u00e7\u00e3o\/Universidade Metodista de S\u00e3o Paulo.<\/p>\n<p style=\"text-align: justify;\">A coordena\u00e7\u00e3o editorial e reda\u00e7\u00e3o dos textos est\u00e1 com o jornalista diplomado, S\u00c9RGIO BARBOSA; os Projetos Editorial e Gr\u00e1fico, bem como, Capa, do jornalista diplomado, RICARDO TORQUATO e Revis\u00e3o de Textos de MARTA DE SENA BARBOSA.<\/p>\n<p style=\"text-align: justify;\">Portanto, deve-se considerar que por ser uma segunda edi\u00e7\u00e3o, ou seja, VOLUME 2, a publica\u00e7\u00e3o do E-BOOK\/LIVRO DIGITAL, bem como, a impress\u00e3o de 100 (cem) exemplares como apoio (arquivo, cortesia e outros), dever\u00e1 apresentar pela segunda vez para o Mercado em n\u00edvel REGIOCAL, ou seja, do REGIONAL para o LOCAL, novas PERSPECTIVAS ORGANIZACIONAIS em diversas \u00e1reas em tempo de p\u00f3s-globaliza\u00e7\u00e3o organizacional.<\/p>\n<p style=\"text-align: justify;\">De acordo com o presidente da ACE, empres\u00e1rio RICARDO HADDAD, tal projeto editorial \u201ctem como objetivo a divulga\u00e7\u00e3o das Empresas de Adamantina nas diversas Plataformas digitais por meio das parcerias com Sites e Portais de Not\u00edcias em n\u00edvel regional. Tamb\u00e9m, apresentar uma nova proposta de Marketing para o mercado com apoio da ACE.\u201d<\/p>\n<p style=\"text-align: justify;\">Portanto, a parceria entre o site JORGE ZANONI NOT\u00cdCIAS e a ACE\/Adamantina vem de encontro com os desafios deste tempo novo tempo para as ORGANIZA\u00c7\u00d5ES EMPRESARIAIS, ainda, fortalecendo a proposta que envolve o MERCADO na perspectiva do MARKETING DIGITAL.<\/p>\n<p style=\"text-align: justify;\">Fonte: ACE\/Adamantina-Assessoria<\/p>\n<p>&nbsp;<\/p>\n<p>&nbsp;<\/p>\n<p>&nbsp;<\/p>\n","protected":false},"excerpt":{"rendered":"<p>Parceria editorial entre ACE e JZ-JORGE ZANONI Todas as parcerias s\u00e3o importantes em todas as \u00e1reas do mercado em tempo de p\u00f3s-globaliza\u00e7\u00e3o midi\u00e1tica, portanto, faz-se necess\u00e1rio estar constantemente em conex\u00e3o com as possibilidades afins aos interesses mercadol\u00f3gicos. Neste cen\u00e1rio, todas as Organiza\u00e7\u00f5es que atuam nas \u00e1reas da produ\u00e7\u00e3o e servi\u00e7os, necessitam da divulga\u00e7\u00e3o para as [&hellip;]<\/p>\n","protected":false},"author":1,"featured_media":73295,"comment_status":"closed","ping_status":"open","sticky":false,"template":"","format":"standard","meta":{"footnotes":""},"categories":[195,179,110],"tags":[],"class_list":["post-73291","post","type-post","status-publish","format-standard","has-post-thumbnail","hentry","category-adamantina","category-cidadeseregiao","category-noticiasdestaque"],"_links":{"self":[{"href":"https:\/\/jorgezanoni.com.br\/2019\/wp-json\/wp\/v2\/posts\/73291","targetHints":{"allow":["GET"]}}],"collection":[{"href":"https:\/\/jorgezanoni.com.br\/2019\/wp-json\/wp\/v2\/posts"}],"about":[{"href":"https:\/\/jorgezanoni.com.br\/2019\/wp-json\/wp\/v2\/types\/post"}],"author":[{"embeddable":true,"href":"https:\/\/jorgezanoni.com.br\/2019\/wp-json\/wp\/v2\/users\/1"}],"replies":[{"embeddable":true,"href":"https:\/\/jorgezanoni.com.br\/2019\/wp-json\/wp\/v2\/comments?post=73291"}],"version-history":[{"count":1,"href":"https:\/\/jorgezanoni.com.br\/2019\/wp-json\/wp\/v2\/posts\/73291\/revisions"}],"predecessor-version":[{"id":73296,"href":"https:\/\/jorgezanoni.com.br\/2019\/wp-json\/wp\/v2\/posts\/73291\/revisions\/73296"}],"wp:featuredmedia":[{"embeddable":true,"href":"https:\/\/jorgezanoni.com.br\/2019\/wp-json\/wp\/v2\/media\/73295"}],"wp:attachment":[{"href":"https:\/\/jorgezanoni.com.br\/2019\/wp-json\/wp\/v2\/media?parent=73291"}],"wp:term":[{"taxonomy":"category","embeddable":true,"href":"https:\/\/jorgezanoni.com.br\/2019\/wp-json\/wp\/v2\/categories?post=73291"},{"taxonomy":"post_tag","embeddable":true,"href":"https:\/\/jorgezanoni.com.br\/2019\/wp-json\/wp\/v2\/tags?post=73291"}],"curies":[{"name":"wp","href":"https:\/\/api.w.org\/{rel}","templated":true}]}}