{"id":7328,"date":"2019-09-26T11:53:25","date_gmt":"2019-09-26T11:53:25","guid":{"rendered":"https:\/\/jorgezanoni.com.br\/2019\/?p=7328"},"modified":"2019-09-26T11:53:25","modified_gmt":"2019-09-26T11:53:25","slug":"palestra-no-tabernaculo-o-brasil-para-cristo-em-dracena","status":"publish","type":"post","link":"https:\/\/jorgezanoni.com.br\/2019\/palestra-no-tabernaculo-o-brasil-para-cristo-em-dracena\/","title":{"rendered":"Palestra no Tabern\u00e1culo &#8220;O Brasil para Cristo&#8221; em Dracena"},"content":{"rendered":"<p style=\"text-align: justify;\">Domingo dia 29 \u00e0s 19:30 Horas. Setembro, m\u00eas de valoriza\u00e7\u00e3o pela vida e preven\u00e7\u00e3o do suic\u00eddio.<\/p>\n","protected":false},"excerpt":{"rendered":"<p>Domingo dia 29 \u00e0s 19:30 Horas. Setembro, m\u00eas de valoriza\u00e7\u00e3o pela vida e preven\u00e7\u00e3o do suic\u00eddio.<\/p>\n","protected":false},"author":1,"featured_media":7329,"comment_status":"closed","ping_status":"open","sticky":false,"template":"","format":"standard","meta":{"footnotes":""},"categories":[172],"tags":[],"class_list":["post-7328","post","type-post","status-publish","format-standard","has-post-thumbnail","hentry","category-agenda"],"_links":{"self":[{"href":"https:\/\/jorgezanoni.com.br\/2019\/wp-json\/wp\/v2\/posts\/7328","targetHints":{"allow":["GET"]}}],"collection":[{"href":"https:\/\/jorgezanoni.com.br\/2019\/wp-json\/wp\/v2\/posts"}],"about":[{"href":"https:\/\/jorgezanoni.com.br\/2019\/wp-json\/wp\/v2\/types\/post"}],"author":[{"embeddable":true,"href":"https:\/\/jorgezanoni.com.br\/2019\/wp-json\/wp\/v2\/users\/1"}],"replies":[{"embeddable":true,"href":"https:\/\/jorgezanoni.com.br\/2019\/wp-json\/wp\/v2\/comments?post=7328"}],"version-history":[{"count":0,"href":"https:\/\/jorgezanoni.com.br\/2019\/wp-json\/wp\/v2\/posts\/7328\/revisions"}],"wp:featuredmedia":[{"embeddable":true,"href":"https:\/\/jorgezanoni.com.br\/2019\/wp-json\/wp\/v2\/media\/7329"}],"wp:attachment":[{"href":"https:\/\/jorgezanoni.com.br\/2019\/wp-json\/wp\/v2\/media?parent=7328"}],"wp:term":[{"taxonomy":"category","embeddable":true,"href":"https:\/\/jorgezanoni.com.br\/2019\/wp-json\/wp\/v2\/categories?post=7328"},{"taxonomy":"post_tag","embeddable":true,"href":"https:\/\/jorgezanoni.com.br\/2019\/wp-json\/wp\/v2\/tags?post=7328"}],"curies":[{"name":"wp","href":"https:\/\/api.w.org\/{rel}","templated":true}]}}