{"id":7325,"date":"2019-09-26T11:44:04","date_gmt":"2019-09-26T11:44:04","guid":{"rendered":"https:\/\/jorgezanoni.com.br\/2019\/?p=7325"},"modified":"2019-09-26T11:44:04","modified_gmt":"2019-09-26T11:44:04","slug":"hoje-tem-palestra-na-igreja-evangelica-de-dracena","status":"publish","type":"post","link":"https:\/\/jorgezanoni.com.br\/2019\/hoje-tem-palestra-na-igreja-evangelica-de-dracena\/","title":{"rendered":"Hoje tem Palestra na Igreja Evang\u00e9lica de Dracena"},"content":{"rendered":"<p>Palesta Ang\u00fastias da Alma dentro do setembro amarelo, no m\u00eas internacional da preven\u00e7\u00e3o ao Suic\u00eddio.<\/p>\n","protected":false},"excerpt":{"rendered":"<p>Palesta Ang\u00fastias da Alma dentro do setembro amarelo, no m\u00eas internacional da preven\u00e7\u00e3o ao Suic\u00eddio.<\/p>\n","protected":false},"author":1,"featured_media":7326,"comment_status":"closed","ping_status":"open","sticky":false,"template":"","format":"standard","meta":{"footnotes":""},"categories":[172],"tags":[],"class_list":["post-7325","post","type-post","status-publish","format-standard","has-post-thumbnail","hentry","category-agenda"],"_links":{"self":[{"href":"https:\/\/jorgezanoni.com.br\/2019\/wp-json\/wp\/v2\/posts\/7325","targetHints":{"allow":["GET"]}}],"collection":[{"href":"https:\/\/jorgezanoni.com.br\/2019\/wp-json\/wp\/v2\/posts"}],"about":[{"href":"https:\/\/jorgezanoni.com.br\/2019\/wp-json\/wp\/v2\/types\/post"}],"author":[{"embeddable":true,"href":"https:\/\/jorgezanoni.com.br\/2019\/wp-json\/wp\/v2\/users\/1"}],"replies":[{"embeddable":true,"href":"https:\/\/jorgezanoni.com.br\/2019\/wp-json\/wp\/v2\/comments?post=7325"}],"version-history":[{"count":0,"href":"https:\/\/jorgezanoni.com.br\/2019\/wp-json\/wp\/v2\/posts\/7325\/revisions"}],"wp:featuredmedia":[{"embeddable":true,"href":"https:\/\/jorgezanoni.com.br\/2019\/wp-json\/wp\/v2\/media\/7326"}],"wp:attachment":[{"href":"https:\/\/jorgezanoni.com.br\/2019\/wp-json\/wp\/v2\/media?parent=7325"}],"wp:term":[{"taxonomy":"category","embeddable":true,"href":"https:\/\/jorgezanoni.com.br\/2019\/wp-json\/wp\/v2\/categories?post=7325"},{"taxonomy":"post_tag","embeddable":true,"href":"https:\/\/jorgezanoni.com.br\/2019\/wp-json\/wp\/v2\/tags?post=7325"}],"curies":[{"name":"wp","href":"https:\/\/api.w.org\/{rel}","templated":true}]}}