{"id":73235,"date":"2023-01-27T15:43:51","date_gmt":"2023-01-27T15:43:51","guid":{"rendered":"https:\/\/jorgezanoni.com.br\/2019\/?p=73235"},"modified":"2023-01-27T15:43:51","modified_gmt":"2023-01-27T15:43:51","slug":"sinais-e-diagnostico-no-autismo-por-jose-luis-fuzer","status":"publish","type":"post","link":"https:\/\/jorgezanoni.com.br\/2019\/sinais-e-diagnostico-no-autismo-por-jose-luis-fuzer\/","title":{"rendered":"Sinais e Diagn\u00f3stico no Autismo (por Jos\u00e9 Lu\u00eds Fuzer)"},"content":{"rendered":"<p style=\"text-align: justify;\">SINAIS E DIAGN\u00d3STICO NO AUTISMO<\/p>\n<p style=\"text-align: justify;\">O Transtorno do Espectro Autista (TEA) \u00e9 uma condi\u00e7\u00e3o marcada pelo d\u00e9ficit na comunica\u00e7\u00e3o, na intera\u00e7\u00e3o social e no comportamento.<br \/>\nApesar de n\u00e3o ser um transtorno incomum, muitas pessoas n\u00e3o t\u00eam o diagn\u00f3stico, j\u00e1 que assim como est\u00e1 presente no pr\u00f3prio nome, o autismo \u00e9 um espectro. Portanto, ele manifesta-se de diferentes formas e intensidades, n\u00e3o havendo um \u00fanico perfil de pessoa com autismo.<br \/>\nPor ser um transtorno do neurodesenvolvimento, as pessoas TEA podem demonstrar:<br \/>\n\ud83d\udd39Dificuldade em se comunicar e interagir com outras pessoas;<br \/>\n\ud83d\udd39Dificuldade em manter contato visual;<br \/>\n\ud83d\udd39Desenvolvimento lento da linguagem ou nenhum desenvolvimento;<br \/>\n\ud83d\udd39Vis\u00e3o, audi\u00e7\u00e3o, tato, olfato ou paladar hiper sens\u00edveis ou hipo sens\u00edveis<br \/>\n\ud83d\udd39Movimentos repetitivos;<br \/>\n\ud83d\udd39Isolamento;<br \/>\n\ud83d\udd39Repeti\u00e7\u00e3o de frases;<br \/>\n\ud83d\udd39Interesse restrito por um \u00fanico assunto, hiperfocos;<br \/>\n\ud83d\udd39N\u00e3o falar ou n\u00e3o fazer gestos para mostrar algo; usando a m\u00e3o de outra pessoa para isso;<br \/>\n\ud83d\udd39Necessidade de ter uma rotina regrada;<br \/>\n\ud83d\udd39Falta de aten\u00e7\u00e3o.<br \/>\nEsses s\u00e3o apenas alguns dos sinais e pessoas TEA podem demonstrar apenas parte deles e em diferentes intensidades, n\u00e3o h\u00e1 uma regra!<br \/>\nMuitos tamb\u00e9m podem apresentar comorbidades associadas que requerem cuidados constantes e outros conseguem viver de forma independente. Assim como qualquer pessoa, cada um se desenvolve de forma diferente e possui personalidade, gostos, habilidades que formam a sua pessoa!<br \/>\n\u00c9 importante estar sempre atento ao comportamento da crian\u00e7a e, caso algo seja percebido, levar ao m\u00e9dico(neuropediatra para crian\u00e7as), e em adultos o psiquiatra focado em TEA, e ou neuropsic\u00f3logo ou psic\u00f3logo especialista em TEA, e assim realizar o diagn\u00f3stico e o tratamento.<br \/>\nAs interven\u00e7\u00f5es precoces s\u00e3o importantes a qualidade de vida da pessoa TEA e pode envolver acompanhamento psicol\u00f3gico, fonoaudi\u00f3logo, terapia ocupacional e outras atividades. Tudo vai depender do diagn\u00f3stico e das necessidades de cada pessoa e sua faixa et\u00e1ria.<br \/>\nO diagn\u00f3stico em TEA \u00e9 realizado por um especialista m\u00e9dico, psic\u00f3logo e equipe multiprofissional, atrav\u00e9s da observa\u00e7\u00e3o do comportamento do paciente e de uma entrevista com os respons\u00e1veis e tamb\u00e9m testes espec\u00edficos dos especialistas em TEA da Psicologia.<\/p>\n<p style=\"text-align: justify;\">Jos\u00e9 Lu\u00eds Fuzer &#8211; Pis\u00f3logo<\/p>\n","protected":false},"excerpt":{"rendered":"<p>SINAIS E DIAGN\u00d3STICO NO AUTISMO O Transtorno do Espectro Autista (TEA) \u00e9 uma condi\u00e7\u00e3o marcada pelo d\u00e9ficit na comunica\u00e7\u00e3o, na intera\u00e7\u00e3o social e no comportamento. Apesar de n\u00e3o ser um transtorno incomum, muitas pessoas n\u00e3o t\u00eam o diagn\u00f3stico, j\u00e1 que assim como est\u00e1 presente no pr\u00f3prio nome, o autismo \u00e9 um espectro. Portanto, ele manifesta-se [&hellip;]<\/p>\n","protected":false},"author":1,"featured_media":73236,"comment_status":"closed","ping_status":"open","sticky":false,"template":"","format":"standard","meta":{"footnotes":""},"categories":[175],"tags":[],"class_list":["post-73235","post","type-post","status-publish","format-standard","has-post-thumbnail","hentry","category-artigos"],"_links":{"self":[{"href":"https:\/\/jorgezanoni.com.br\/2019\/wp-json\/wp\/v2\/posts\/73235","targetHints":{"allow":["GET"]}}],"collection":[{"href":"https:\/\/jorgezanoni.com.br\/2019\/wp-json\/wp\/v2\/posts"}],"about":[{"href":"https:\/\/jorgezanoni.com.br\/2019\/wp-json\/wp\/v2\/types\/post"}],"author":[{"embeddable":true,"href":"https:\/\/jorgezanoni.com.br\/2019\/wp-json\/wp\/v2\/users\/1"}],"replies":[{"embeddable":true,"href":"https:\/\/jorgezanoni.com.br\/2019\/wp-json\/wp\/v2\/comments?post=73235"}],"version-history":[{"count":1,"href":"https:\/\/jorgezanoni.com.br\/2019\/wp-json\/wp\/v2\/posts\/73235\/revisions"}],"predecessor-version":[{"id":73237,"href":"https:\/\/jorgezanoni.com.br\/2019\/wp-json\/wp\/v2\/posts\/73235\/revisions\/73237"}],"wp:featuredmedia":[{"embeddable":true,"href":"https:\/\/jorgezanoni.com.br\/2019\/wp-json\/wp\/v2\/media\/73236"}],"wp:attachment":[{"href":"https:\/\/jorgezanoni.com.br\/2019\/wp-json\/wp\/v2\/media?parent=73235"}],"wp:term":[{"taxonomy":"category","embeddable":true,"href":"https:\/\/jorgezanoni.com.br\/2019\/wp-json\/wp\/v2\/categories?post=73235"},{"taxonomy":"post_tag","embeddable":true,"href":"https:\/\/jorgezanoni.com.br\/2019\/wp-json\/wp\/v2\/tags?post=73235"}],"curies":[{"name":"wp","href":"https:\/\/api.w.org\/{rel}","templated":true}]}}