{"id":73209,"date":"2023-01-26T16:48:18","date_gmt":"2023-01-26T16:48:18","guid":{"rendered":"https:\/\/jorgezanoni.com.br\/2019\/?p=73209"},"modified":"2023-01-26T16:48:18","modified_gmt":"2023-01-26T16:48:18","slug":"ace-dracena-promove-reuniao-sobre-seguranca-de-imoveis-e-prevencao-contra-incendios","status":"publish","type":"post","link":"https:\/\/jorgezanoni.com.br\/2019\/ace-dracena-promove-reuniao-sobre-seguranca-de-imoveis-e-prevencao-contra-incendios\/","title":{"rendered":"ACE Dracena promove reuni\u00e3o sobre seguran\u00e7a de im\u00f3veis e preven\u00e7\u00e3o contra inc\u00eandios"},"content":{"rendered":"<p style=\"text-align: justify;\">Desde o fat\u00eddico inc\u00eandio ocorrido em 2 de janeiro, em uma loja de motos no centro de Dracena, empres\u00e1rios do setor imobili\u00e1rio est\u00e3o preocupados com a seguran\u00e7a dos im\u00f3veis, principalmente com rela\u00e7\u00e3o aos contratos de alugueis, com a finalidade de proteger inquilinos e donos de im\u00f3veis.<br \/>\n.<br \/>\nEmpenhada neste tema, a Associa\u00e7\u00e3o Comercial e Empresarial de Dracena (ACE), realizou na manh\u00e3 de quarta-feira (25), uma reuni\u00e3o na sede da entidade, conduzida pela presidente, Neli Kato, sobre seguran\u00e7a de im\u00f3veis e preven\u00e7\u00e3o contra inc\u00eandios independentemente de ter seguro ou n\u00e3o.<br \/>\n.<br \/>\nEstiveram presentes, o subtenente Cl\u00e1usio Marcelo da Silva, comandante interino do 3\u00ba Subgrupamento de Bombeiros de Dracena, juntamente com o 3\u00ba SGT Caetano; da Prefeitura, participaram os secret\u00e1rios de Planejamento e A\u00e7\u00f5es Estrat\u00e9gicas, Nelson Buzinaro e de Gabinete e Governo, Maikel Andr\u00e9; o presidente da C\u00e2mara Municipal, Danilo Ledo; da Emdaep, L\u00e9o Coelho de Andrade; da OAB, advogado Artur Bonini do Prado e as imobili\u00e1rias: Lema, Imp\u00e9rio, LGA, L\u00edder, Jos\u00e9 Narciso, AR Im\u00f3veis.<br \/>\n.<br \/>\nSeguran\u00e7a dos im\u00f3veis<br \/>\nO assunto em pauta \u00e9 uma demanda dos propriet\u00e1rios de imobili\u00e1ria, que apresentaram e tiraram d\u00favidas a respeito das normas t\u00e9cnicas de preven\u00e7\u00e3o a inc\u00eandio e desastres.<br \/>\nDurante a reuni\u00e3o, o comandante interino do Corpo de Bombeiro de Dracena, ressaltou que foram compartilhadas com os empres\u00e1rios informa\u00e7\u00f5es quanto \u00e0s vistorias, fiscaliza\u00e7\u00f5es educativas e preventivas, e por fim, preven\u00e7\u00e3o contra inc\u00eandio e p\u00e2nico.<br \/>\n.<br \/>\nOutro assunto em destaque, foi a preocupa\u00e7\u00e3o com a falta de hidrantes no centro de Dracena. Atualmente s\u00f3 existe um dispon\u00edvel no centro, conforme foi relatado na reuni\u00e3o. A Prefeitura se comprometeu juntamente com a Emdaep a solucionar este problema o quanto antes e instalar outros hidrantes em pontos estrat\u00e9gicos no centro.<br \/>\n.<br \/>\nEmpres\u00e1rios do setor imobili\u00e1rio, sa\u00edram satisfeitos com o encontro. \u201cNas pr\u00f3ximas semanas, iremos nos reunir novamente para elaborar altera\u00e7\u00f5es contratuais visando a prote\u00e7\u00e3o de inquilinos, propriet\u00e1rios de im\u00f3veis e imobili\u00e1rias. Parab\u00e9ns a diretoria da ACE pela iniciativa\u201d, destaca o representante das imobili\u00e1rias, Jos\u00e9 Narciso.<br \/>\n.<br \/>\nFonte: Assessoria de Imprensa da ACE Dracena<\/p>\n","protected":false},"excerpt":{"rendered":"<p>Desde o fat\u00eddico inc\u00eandio ocorrido em 2 de janeiro, em uma loja de motos no centro de Dracena, empres\u00e1rios do setor imobili\u00e1rio est\u00e3o preocupados com a seguran\u00e7a dos im\u00f3veis, principalmente com rela\u00e7\u00e3o aos contratos de alugueis, com a finalidade de proteger inquilinos e donos de im\u00f3veis. . Empenhada neste tema, a Associa\u00e7\u00e3o Comercial e Empresarial [&hellip;]<\/p>\n","protected":false},"author":1,"featured_media":73210,"comment_status":"closed","ping_status":"open","sticky":false,"template":"","format":"standard","meta":{"footnotes":""},"categories":[179,184,110],"tags":[],"class_list":["post-73209","post","type-post","status-publish","format-standard","has-post-thumbnail","hentry","category-cidadeseregiao","category-dracena","category-noticiasdestaque"],"_links":{"self":[{"href":"https:\/\/jorgezanoni.com.br\/2019\/wp-json\/wp\/v2\/posts\/73209","targetHints":{"allow":["GET"]}}],"collection":[{"href":"https:\/\/jorgezanoni.com.br\/2019\/wp-json\/wp\/v2\/posts"}],"about":[{"href":"https:\/\/jorgezanoni.com.br\/2019\/wp-json\/wp\/v2\/types\/post"}],"author":[{"embeddable":true,"href":"https:\/\/jorgezanoni.com.br\/2019\/wp-json\/wp\/v2\/users\/1"}],"replies":[{"embeddable":true,"href":"https:\/\/jorgezanoni.com.br\/2019\/wp-json\/wp\/v2\/comments?post=73209"}],"version-history":[{"count":1,"href":"https:\/\/jorgezanoni.com.br\/2019\/wp-json\/wp\/v2\/posts\/73209\/revisions"}],"predecessor-version":[{"id":73211,"href":"https:\/\/jorgezanoni.com.br\/2019\/wp-json\/wp\/v2\/posts\/73209\/revisions\/73211"}],"wp:featuredmedia":[{"embeddable":true,"href":"https:\/\/jorgezanoni.com.br\/2019\/wp-json\/wp\/v2\/media\/73210"}],"wp:attachment":[{"href":"https:\/\/jorgezanoni.com.br\/2019\/wp-json\/wp\/v2\/media?parent=73209"}],"wp:term":[{"taxonomy":"category","embeddable":true,"href":"https:\/\/jorgezanoni.com.br\/2019\/wp-json\/wp\/v2\/categories?post=73209"},{"taxonomy":"post_tag","embeddable":true,"href":"https:\/\/jorgezanoni.com.br\/2019\/wp-json\/wp\/v2\/tags?post=73209"}],"curies":[{"name":"wp","href":"https:\/\/api.w.org\/{rel}","templated":true}]}}