{"id":73185,"date":"2023-01-25T23:46:15","date_gmt":"2023-01-25T23:46:15","guid":{"rendered":"https:\/\/jorgezanoni.com.br\/2019\/?p=73185"},"modified":"2023-01-25T23:46:15","modified_gmt":"2023-01-25T23:46:15","slug":"docente-da-unifadra-conclui-mestrado-profa-cleire-de-almeida-beretta","status":"publish","type":"post","link":"https:\/\/jorgezanoni.com.br\/2019\/docente-da-unifadra-conclui-mestrado-profa-cleire-de-almeida-beretta\/","title":{"rendered":"Docente da Unifadra conclui Mestrado &#8211; Profa. Cleire de Almeida Beretta"},"content":{"rendered":"<p style=\"text-align: justify;\">A enfermeira e fonoaudi\u00f3loga, docente do curso de Medicina da Unifadra Dracena e do curso T\u00e9cnico em Enfermagem do CEP\/UME, Profa. Cleire de Almeida Beretta fez sua apresenta\u00e7\u00e3o de defesa no dia 11 de janeiro e concluiu o Mestrado em Ci\u00eancias da Sa\u00fade pelo IAMSPE &#8211; Instituto de Assist\u00eancia M\u00e9dica ao Servidor P\u00fablico Estadual.<\/p>\n<p>Com a disserta\u00e7\u00e3o &#8220;Estudo comparativo da morfologia da curva auditiva em audiogramas de trabalhadores diab\u00e9ticos e n\u00e3o diab\u00e9ticos expostos a diferentes ru\u00eddos ocupacionais&#8221;, a docente foi orientada pela Profa. Dra. Marcia Kiyomi Koike. Na banca de avalia\u00e7\u00e3o, estiveram presentes a Profa. Dra. Sonia Regina Pereira de Souza (IAMSPE), a Profa. Dra. Ana Iochabel Soares Moretti (IAMSPE-PG) e a Profa. Dra. Andr\u00e9a Fontes Garcia (AME Dracena).<\/p>\n<p>Segundo Cleire, muitos trabalhadores vivem em um estado de pr\u00e9-diabetes e nunca fizeram um exame para saber. &#8220;Efeitos combinados de ru\u00eddo e diabetes podem afetar a audi\u00e7\u00e3o desse indiv\u00edduo de uma forma mais r\u00e1pida e sem revers\u00e3o desse quadro, por isso \u00e9 importante a preven\u00e7\u00e3o tanto da doen\u00e7a como da exposi\u00e7\u00e3o ao ru\u00eddo no trabalho&#8221;.<\/p>\n<p>A dire\u00e7\u00e3o executiva da Fundec, a dire\u00e7\u00e3o acad\u00eamica e a coordena\u00e7\u00e3o da Unifadra parabenizam a professora Cleire de Almeida Beretta pela conquista e ressaltam a import\u00e2ncia da busca cont\u00ednua do conhecimento para seu crescimento pessoal, bem como para a Institui\u00e7\u00e3o, que passa a contar no seu corpo docente com profissionais titulados, cada vez mais qualificados e sempre atualizados, contribuindo de forma significativa para o desenvolvimento da Unifadra.<\/p>\n<p style=\"text-align: justify;\">Fonte: Depto. de Comunica\u00e7\u00e3o da Fundec<\/p>\n","protected":false},"excerpt":{"rendered":"<p>A enfermeira e fonoaudi\u00f3loga, docente do curso de Medicina da Unifadra Dracena e do curso T\u00e9cnico em Enfermagem do CEP\/UME, Profa. Cleire de Almeida Beretta fez sua apresenta\u00e7\u00e3o de defesa no dia 11 de janeiro e concluiu o Mestrado em Ci\u00eancias da Sa\u00fade pelo IAMSPE &#8211; Instituto de Assist\u00eancia M\u00e9dica ao Servidor P\u00fablico Estadual. Com [&hellip;]<\/p>\n","protected":false},"author":1,"featured_media":73186,"comment_status":"closed","ping_status":"open","sticky":false,"template":"","format":"standard","meta":{"footnotes":""},"categories":[110,122],"tags":[],"class_list":["post-73185","post","type-post","status-publish","format-standard","has-post-thumbnail","hentry","category-noticiasdestaque","category-saudeeducacaoeconcurso"],"_links":{"self":[{"href":"https:\/\/jorgezanoni.com.br\/2019\/wp-json\/wp\/v2\/posts\/73185","targetHints":{"allow":["GET"]}}],"collection":[{"href":"https:\/\/jorgezanoni.com.br\/2019\/wp-json\/wp\/v2\/posts"}],"about":[{"href":"https:\/\/jorgezanoni.com.br\/2019\/wp-json\/wp\/v2\/types\/post"}],"author":[{"embeddable":true,"href":"https:\/\/jorgezanoni.com.br\/2019\/wp-json\/wp\/v2\/users\/1"}],"replies":[{"embeddable":true,"href":"https:\/\/jorgezanoni.com.br\/2019\/wp-json\/wp\/v2\/comments?post=73185"}],"version-history":[{"count":1,"href":"https:\/\/jorgezanoni.com.br\/2019\/wp-json\/wp\/v2\/posts\/73185\/revisions"}],"predecessor-version":[{"id":73187,"href":"https:\/\/jorgezanoni.com.br\/2019\/wp-json\/wp\/v2\/posts\/73185\/revisions\/73187"}],"wp:featuredmedia":[{"embeddable":true,"href":"https:\/\/jorgezanoni.com.br\/2019\/wp-json\/wp\/v2\/media\/73186"}],"wp:attachment":[{"href":"https:\/\/jorgezanoni.com.br\/2019\/wp-json\/wp\/v2\/media?parent=73185"}],"wp:term":[{"taxonomy":"category","embeddable":true,"href":"https:\/\/jorgezanoni.com.br\/2019\/wp-json\/wp\/v2\/categories?post=73185"},{"taxonomy":"post_tag","embeddable":true,"href":"https:\/\/jorgezanoni.com.br\/2019\/wp-json\/wp\/v2\/tags?post=73185"}],"curies":[{"name":"wp","href":"https:\/\/api.w.org\/{rel}","templated":true}]}}