{"id":73179,"date":"2023-01-25T15:33:02","date_gmt":"2023-01-25T15:33:02","guid":{"rendered":"https:\/\/jorgezanoni.com.br\/2019\/?p=73179"},"modified":"2023-01-25T15:33:02","modified_gmt":"2023-01-25T15:33:02","slug":"homens-trans-adotam-nome-social-na-penitenciaria-feminina-de-tupi-paulista","status":"publish","type":"post","link":"https:\/\/jorgezanoni.com.br\/2019\/homens-trans-adotam-nome-social-na-penitenciaria-feminina-de-tupi-paulista\/","title":{"rendered":"Homens trans adotam nome social na Penitenci\u00e1ria Feminina de Tupi Paulista\u00a0"},"content":{"rendered":"<div class=\"v1elementToProof\">\n<p class=\"v1MsoNormal\" style=\"text-align: justify;\" align=\"center\"><b><span class=\"v1ContentPasted0\">Decis\u00f5es ocorreram durante a\u00e7\u00f5es em refer\u00eancia ao m\u00eas da visibilidade trans\u00a0<\/span><\/b><\/p>\n<p class=\"v1MsoNormal\" style=\"text-align: justify;\"><span class=\"v1ContentPasted0\">Em alus\u00e3o ao Dia Nacional da Visibilidade Trans, celebrado em 29\/01, a Penitenci\u00e1ria Feminina de Tupi Paulista realizou roda de conversa sobre diversidade sexual e exibiu v\u00eddeos explicativos sobre o uso do nome social a 13 presas que se autodeclaram homens trans. Ao final das a\u00e7\u00f5es, que ocorreram na primeira quinzena de 2023, 10 participantes solicitaram formalmente a ado\u00e7\u00e3o de novo tratamento nominal, com direito a posterior inclus\u00e3o em documentos oficiais gerados pela Secretaria de Administra\u00e7\u00e3o Penitenci\u00e1ria (SAP) e sistemas informatizados de registros.\u00a0<\/span><\/p>\n<p class=\"v1MsoNormal\" style=\"text-align: justify;\"><span class=\"v1ContentPasted0\">Nome social \u00e9 o prenome adotado pela pessoa travesti, mulher transexual ou homem trans correspondente \u00e0 forma pela qual se reconhece. Pelo Decreto Estadual n\u00ba 55.588\/2010, o Estado de S\u00e3o Paulo garante o direito \u00e0s pessoas de serem tratadas pelo nome social em todos os \u00f3rg\u00e3os p\u00fablicos da Administra\u00e7\u00e3o Direta e Indireta. Em complementa\u00e7\u00e3o, a Resolu\u00e7\u00e3o SAP 11\/2014 prev\u00ea aos privados de liberdade o direito ao uso de pe\u00e7as \u00edntimas conforme o g\u00eanero, como tamb\u00e9m torna facultativa \u00e0s travestis e trans femininas a manuten\u00e7\u00e3o do cabelo na altura dos ombros, observando-se, em todos os casos, os crit\u00e9rios de seguran\u00e7a e disciplina dos estabelecimentos.\u00a0<\/span><\/p>\n<p class=\"v1MsoNormal\" style=\"text-align: justify;\"><b><span class=\"v1ContentPasted0\">Saiba mais\u00a0<\/span><\/b><\/p>\n<p class=\"v1MsoNormal\" style=\"text-align: justify;\"><span class=\"v1ContentPasted0\">Conforme preceitua a 4\u00aa edi\u00e7\u00e3o da Cartilha Diversidade Sexual e a Cidadania LGBTI+, da Secretaria de Justi\u00e7a e Cidadania de S\u00e3o Paulo, transexual\/trans \u00e9 a terminologia utilizada para descrever pessoas que transitam entre os g\u00eaneros. Assim, homem trans \u00e9 aquele que nasceu com sexo biol\u00f3gico feminino, mas possui uma identidade de g\u00eanero masculina e se reconhece como homem. Da mesma forma, mulher trans \u00e9 aquela que nasceu com sexo biol\u00f3gico masculino, mas possui uma identidade de g\u00eanero feminina e se reconhece como mulher. Os trans podem realizar modifica\u00e7\u00f5es corporais por meio de terapias hormonais e interven\u00e7\u00f5es cir\u00fargicas, tendo como intuito adequar seus atributos f\u00edsicos, inclusive genitais, \u00e0 respectiva identidade de g\u00eanero.\u00a0\u00a0<\/span><\/p>\n<p class=\"v1MsoNormal\" style=\"text-align: justify;\"><span class=\"v1ContentPasted0\">Vale lembrar que, na pr\u00e1tica, n\u00e3o h\u00e1 distin\u00e7\u00e3o entre mulher trans e travesti. Por\u00e9m, segundo a cartilha, essa \u00faltima n\u00e3o possui desconforto com o sexo de nascimento, nem com a ambiguidade de tra\u00e7os corporais femininos e masculinos e, no geral, optam em n\u00e3o realizar a cirurgia de redesigna\u00e7\u00e3o sexual (mudan\u00e7a de sexo). Em todo caso, a melhor terminologia a ser usada \u00e9 uma quest\u00e3o de identifica\u00e7\u00e3o do indiv\u00edduo. Vale sempre perguntar como ele prefere ser chamado.<\/span><\/p>\n<p><img loading=\"lazy\" decoding=\"async\" class=\"alignnone size-full wp-image-73181\" src=\"https:\/\/jorgezanoni.com.br\/2019\/wp-content\/uploads\/2023\/01\/sap1-Pequeno.jpg\" alt=\"\" width=\"480\" height=\"640\" srcset=\"https:\/\/jorgezanoni.com.br\/2019\/wp-content\/uploads\/2023\/01\/sap1-Pequeno.jpg 480w, https:\/\/jorgezanoni.com.br\/2019\/wp-content\/uploads\/2023\/01\/sap1-Pequeno-225x300.jpg 225w, https:\/\/jorgezanoni.com.br\/2019\/wp-content\/uploads\/2023\/01\/sap1-Pequeno-315x420.jpg 315w\" sizes=\"auto, (max-width: 480px) 100vw, 480px\" \/> <img loading=\"lazy\" decoding=\"async\" class=\"alignnone size-full wp-image-73182\" src=\"https:\/\/jorgezanoni.com.br\/2019\/wp-content\/uploads\/2023\/01\/sap2-Pequeno.jpg\" alt=\"\" width=\"480\" height=\"504\" srcset=\"https:\/\/jorgezanoni.com.br\/2019\/wp-content\/uploads\/2023\/01\/sap2-Pequeno.jpg 480w, https:\/\/jorgezanoni.com.br\/2019\/wp-content\/uploads\/2023\/01\/sap2-Pequeno-286x300.jpg 286w, https:\/\/jorgezanoni.com.br\/2019\/wp-content\/uploads\/2023\/01\/sap2-Pequeno-400x420.jpg 400w\" sizes=\"auto, (max-width: 480px) 100vw, 480px\" \/> <img loading=\"lazy\" decoding=\"async\" class=\"alignnone size-full wp-image-73183\" src=\"https:\/\/jorgezanoni.com.br\/2019\/wp-content\/uploads\/2023\/01\/Sap3-Pequeno.jpg\" alt=\"\" width=\"480\" height=\"483\" srcset=\"https:\/\/jorgezanoni.com.br\/2019\/wp-content\/uploads\/2023\/01\/Sap3-Pequeno.jpg 480w, https:\/\/jorgezanoni.com.br\/2019\/wp-content\/uploads\/2023\/01\/Sap3-Pequeno-298x300.jpg 298w, https:\/\/jorgezanoni.com.br\/2019\/wp-content\/uploads\/2023\/01\/Sap3-Pequeno-150x150.jpg 150w, https:\/\/jorgezanoni.com.br\/2019\/wp-content\/uploads\/2023\/01\/Sap3-Pequeno-417x420.jpg 417w\" sizes=\"auto, (max-width: 480px) 100vw, 480px\" \/><\/p>\n<p><span class=\"v1ContentPasted0\">Eliane Borges \u2013 Croeste\u00a0<\/span><\/p>\n<p class=\"v1MsoNormal\" style=\"text-align: justify;\">Fonte: SAP CROESTE<\/p>\n<\/div>\n","protected":false},"excerpt":{"rendered":"<p>Decis\u00f5es ocorreram durante a\u00e7\u00f5es em refer\u00eancia ao m\u00eas da visibilidade trans\u00a0 Em alus\u00e3o ao Dia Nacional da Visibilidade Trans, celebrado em 29\/01, a Penitenci\u00e1ria Feminina de Tupi Paulista realizou roda de conversa sobre diversidade sexual e exibiu v\u00eddeos explicativos sobre o uso do nome social a 13 presas que se autodeclaram homens trans. Ao final [&hellip;]<\/p>\n","protected":false},"author":1,"featured_media":73180,"comment_status":"closed","ping_status":"open","sticky":false,"template":"","format":"standard","meta":{"footnotes":""},"categories":[110,2],"tags":[],"class_list":["post-73179","post","type-post","status-publish","format-standard","has-post-thumbnail","hentry","category-noticiasdestaque","category-policial"],"_links":{"self":[{"href":"https:\/\/jorgezanoni.com.br\/2019\/wp-json\/wp\/v2\/posts\/73179","targetHints":{"allow":["GET"]}}],"collection":[{"href":"https:\/\/jorgezanoni.com.br\/2019\/wp-json\/wp\/v2\/posts"}],"about":[{"href":"https:\/\/jorgezanoni.com.br\/2019\/wp-json\/wp\/v2\/types\/post"}],"author":[{"embeddable":true,"href":"https:\/\/jorgezanoni.com.br\/2019\/wp-json\/wp\/v2\/users\/1"}],"replies":[{"embeddable":true,"href":"https:\/\/jorgezanoni.com.br\/2019\/wp-json\/wp\/v2\/comments?post=73179"}],"version-history":[{"count":1,"href":"https:\/\/jorgezanoni.com.br\/2019\/wp-json\/wp\/v2\/posts\/73179\/revisions"}],"predecessor-version":[{"id":73184,"href":"https:\/\/jorgezanoni.com.br\/2019\/wp-json\/wp\/v2\/posts\/73179\/revisions\/73184"}],"wp:featuredmedia":[{"embeddable":true,"href":"https:\/\/jorgezanoni.com.br\/2019\/wp-json\/wp\/v2\/media\/73180"}],"wp:attachment":[{"href":"https:\/\/jorgezanoni.com.br\/2019\/wp-json\/wp\/v2\/media?parent=73179"}],"wp:term":[{"taxonomy":"category","embeddable":true,"href":"https:\/\/jorgezanoni.com.br\/2019\/wp-json\/wp\/v2\/categories?post=73179"},{"taxonomy":"post_tag","embeddable":true,"href":"https:\/\/jorgezanoni.com.br\/2019\/wp-json\/wp\/v2\/tags?post=73179"}],"curies":[{"name":"wp","href":"https:\/\/api.w.org\/{rel}","templated":true}]}}