{"id":73159,"date":"2023-01-24T23:16:16","date_gmt":"2023-01-24T23:16:16","guid":{"rendered":"https:\/\/jorgezanoni.com.br\/2019\/?p=73159"},"modified":"2023-01-24T23:16:16","modified_gmt":"2023-01-24T23:16:16","slug":"suspeito-de-esfaquear-comerciante-em-trailer-de-lanches-em-dracena-e-preso-temporariamente","status":"publish","type":"post","link":"https:\/\/jorgezanoni.com.br\/2019\/suspeito-de-esfaquear-comerciante-em-trailer-de-lanches-em-dracena-e-preso-temporariamente\/","title":{"rendered":"Suspeito de esfaquear comerciante em trailer de lanches em Dracena \u00e9 preso temporariamente"},"content":{"rendered":"<h2 class=\"content-head__subtitle\" style=\"text-align: justify;\"><strong>Homem, de 52 anos, estava no Terminal Rodovi\u00e1rio de Paulic\u00e9ia (SP) aguardando \u00f4nibus com destino a Brasil\u00e2ndia (MS), quando foi abordado por policiais militares.<\/strong><\/h2>\n<div id=\"chunk-3h0n9\" style=\"text-align: justify;\">\n<div class=\"mc-column content-text active-extra-styles \" data-block-type=\"unstyled\" data-block-weight=\"34\" data-block-id=\"3\">\n<p class=\"content-text__container \" data-track-category=\"Link no Texto\" data-track-links=\"\">Um homem, de 52 anos, foi preso temporariamente em\u00a0<a href=\"https:\/\/g1.globo.com\/sp\/presidente-prudente-regiao\/cidade\/pauliceia\/\">Paulic\u00e9ia (SP)<\/a>, nesta segunda-feira (23), por suspeita de praticar crime contra trailer de lanches, em\u00a0<a href=\"https:\/\/g1.globo.com\/sp\/presidente-prudente-regiao\/cidade\/dracena\/\">Dracena (SP)<\/a>. A ocorr\u00eancia foi registrada na \u00faltima sexta-feira (20).<\/p>\n<\/div>\n<\/div>\n<div class=\"wall protected-content\">\n<div id=\"chunk-8f1t\" style=\"text-align: justify;\">\n<div class=\"mc-column content-text active-extra-styles \" data-block-type=\"unstyled\" data-block-weight=\"40\" data-block-id=\"4\">\n<p class=\"content-text__container \" data-track-category=\"Link no Texto\" data-track-links=\"\">De acordo com a Pol\u00edcia Militar, os agentes realizavam patrulhamento pelo munic\u00edpio e avistaram o suspeito de assaltar o estabelecimento comercial no Terminal Rodovi\u00e1rio. O homem, ao perceber a presen\u00e7a da PM, recolheu seus pertences e tentou fugir do local.<\/p>\n<\/div>\n<\/div>\n<div id=\"chunk-2qmrg\">\n<div class=\"mc-column content-text active-extra-styles \" data-block-type=\"unstyled\" data-block-weight=\"26\" data-block-id=\"5\">\n<p class=\"content-text__container \" style=\"text-align: justify;\" data-track-category=\"Link no Texto\" data-track-links=\"\">Os policiais abordaram o suspeito e, ao ser questionado, informou que estava aguardando um \u00f4nibus com destino a Brasil\u00e2ndia (MS) e negou o cometimento do crime.<\/p>\n<p style=\"text-align: justify;\" data-track-category=\"Link no Texto\" data-track-links=\"\">Fonte: Comunica\u00e7\u00e3o Social Pol\u00edcia Militar<\/p>\n<p style=\"text-align: justify;\" data-track-category=\"Link no Texto\" data-track-links=\"\">Foto Jorge Zanoni<\/p>\n<\/div>\n<\/div>\n<\/div>\n<p>&nbsp;<\/p>\n<p>&nbsp;<\/p>\n","protected":false},"excerpt":{"rendered":"<p>Homem, de 52 anos, estava no Terminal Rodovi\u00e1rio de Paulic\u00e9ia (SP) aguardando \u00f4nibus com destino a Brasil\u00e2ndia (MS), quando foi abordado por policiais militares. Um homem, de 52 anos, foi preso temporariamente em\u00a0Paulic\u00e9ia (SP), nesta segunda-feira (23), por suspeita de praticar crime contra trailer de lanches, em\u00a0Dracena (SP). A ocorr\u00eancia foi registrada na \u00faltima sexta-feira [&hellip;]<\/p>\n","protected":false},"author":1,"featured_media":73160,"comment_status":"closed","ping_status":"open","sticky":false,"template":"","format":"standard","meta":{"footnotes":""},"categories":[110,2],"tags":[],"class_list":["post-73159","post","type-post","status-publish","format-standard","has-post-thumbnail","hentry","category-noticiasdestaque","category-policial"],"_links":{"self":[{"href":"https:\/\/jorgezanoni.com.br\/2019\/wp-json\/wp\/v2\/posts\/73159","targetHints":{"allow":["GET"]}}],"collection":[{"href":"https:\/\/jorgezanoni.com.br\/2019\/wp-json\/wp\/v2\/posts"}],"about":[{"href":"https:\/\/jorgezanoni.com.br\/2019\/wp-json\/wp\/v2\/types\/post"}],"author":[{"embeddable":true,"href":"https:\/\/jorgezanoni.com.br\/2019\/wp-json\/wp\/v2\/users\/1"}],"replies":[{"embeddable":true,"href":"https:\/\/jorgezanoni.com.br\/2019\/wp-json\/wp\/v2\/comments?post=73159"}],"version-history":[{"count":1,"href":"https:\/\/jorgezanoni.com.br\/2019\/wp-json\/wp\/v2\/posts\/73159\/revisions"}],"predecessor-version":[{"id":73161,"href":"https:\/\/jorgezanoni.com.br\/2019\/wp-json\/wp\/v2\/posts\/73159\/revisions\/73161"}],"wp:featuredmedia":[{"embeddable":true,"href":"https:\/\/jorgezanoni.com.br\/2019\/wp-json\/wp\/v2\/media\/73160"}],"wp:attachment":[{"href":"https:\/\/jorgezanoni.com.br\/2019\/wp-json\/wp\/v2\/media?parent=73159"}],"wp:term":[{"taxonomy":"category","embeddable":true,"href":"https:\/\/jorgezanoni.com.br\/2019\/wp-json\/wp\/v2\/categories?post=73159"},{"taxonomy":"post_tag","embeddable":true,"href":"https:\/\/jorgezanoni.com.br\/2019\/wp-json\/wp\/v2\/tags?post=73159"}],"curies":[{"name":"wp","href":"https:\/\/api.w.org\/{rel}","templated":true}]}}