{"id":73130,"date":"2023-01-23T15:40:41","date_gmt":"2023-01-23T15:40:41","guid":{"rendered":"https:\/\/jorgezanoni.com.br\/2019\/?p=73130"},"modified":"2023-01-23T15:40:41","modified_gmt":"2023-01-23T15:40:41","slug":"policia-militar-informa-horario-e-sepultamento-do-primeiro-sargento-rodiney","status":"publish","type":"post","link":"https:\/\/jorgezanoni.com.br\/2019\/policia-militar-informa-horario-e-sepultamento-do-primeiro-sargento-rodiney\/","title":{"rendered":"Pol\u00edcia Militar informa hor\u00e1rio e sepultamento do Primeiro Sargento Rodiney"},"content":{"rendered":"<p style=\"text-align: justify;\">\u00c9 com extremo pesar que a Pol\u00edcia Militar do Estado de S\u00e3o Paulo informa o falecimento do 1\u00ba SARGENTO PM RODINEY BORGES PERES, pertencente ao 25\u00ba Batalh\u00e3o de Pol\u00edcia Militar do Interior.<\/p>\n<p style=\"text-align: justify;\">A causa da morte ser\u00e1 esclarecida atrav\u00e9s de exames.<\/p>\n<p style=\"text-align: justify;\">O Policial Militar tinha 39 anos de idade, servia \u00e0 sociedade paulista h\u00e1 16 anos e 02 meses, era casado e deixa dois filhos.<\/p>\n<p style=\"text-align: justify;\">O vel\u00f3rio ser\u00e1 a partir do dia 23 (segunda \u2013 feira) \u00e0s 14 h no Memorial Vida Prev, cidade de Dracena, e sepultamento no dia 24 (ter\u00e7a-feira) \u00e0s 08 h, no Cemit\u00e9rio Municipal de Dracena-SP.<\/p>\n<p style=\"text-align: justify;\">COMUNICA\u00c7\u00c3O SOCIAL PMESP<br \/>\n#25bpmi<br \/>\n#cpi8<br \/>\n#POLICIAMILITARSP<br \/>\n#AFOR\u00c7AP\u00daBLICADES\u00c3OPAULO<br \/>\nComunica\u00e7\u00e3o Social do 25BPMI e regi\u00e3o<\/p>\n<p style=\"text-align: justify;\"><img loading=\"lazy\" decoding=\"async\" class=\"alignnone size-full wp-image-73132\" src=\"https:\/\/jorgezanoni.com.br\/2019\/wp-content\/uploads\/2023\/01\/pm-1.jpg\" alt=\"\" width=\"1280\" height=\"1280\" srcset=\"https:\/\/jorgezanoni.com.br\/2019\/wp-content\/uploads\/2023\/01\/pm-1.jpg 1280w, https:\/\/jorgezanoni.com.br\/2019\/wp-content\/uploads\/2023\/01\/pm-1-300x300.jpg 300w, https:\/\/jorgezanoni.com.br\/2019\/wp-content\/uploads\/2023\/01\/pm-1-1024x1024.jpg 1024w, https:\/\/jorgezanoni.com.br\/2019\/wp-content\/uploads\/2023\/01\/pm-1-150x150.jpg 150w, https:\/\/jorgezanoni.com.br\/2019\/wp-content\/uploads\/2023\/01\/pm-1-768x768.jpg 768w, https:\/\/jorgezanoni.com.br\/2019\/wp-content\/uploads\/2023\/01\/pm-1-696x696.jpg 696w, https:\/\/jorgezanoni.com.br\/2019\/wp-content\/uploads\/2023\/01\/pm-1-1068x1068.jpg 1068w, https:\/\/jorgezanoni.com.br\/2019\/wp-content\/uploads\/2023\/01\/pm-1-420x420.jpg 420w\" sizes=\"auto, (max-width: 1280px) 100vw, 1280px\" \/><\/p>\n","protected":false},"excerpt":{"rendered":"<p>\u00c9 com extremo pesar que a Pol\u00edcia Militar do Estado de S\u00e3o Paulo informa o falecimento do 1\u00ba SARGENTO PM RODINEY BORGES PERES, pertencente ao 25\u00ba Batalh\u00e3o de Pol\u00edcia Militar do Interior. A causa da morte ser\u00e1 esclarecida atrav\u00e9s de exames. O Policial Militar tinha 39 anos de idade, servia \u00e0 sociedade paulista h\u00e1 16 [&hellip;]<\/p>\n","protected":false},"author":1,"featured_media":73131,"comment_status":"closed","ping_status":"open","sticky":false,"template":"","format":"standard","meta":{"footnotes":""},"categories":[178,110],"tags":[],"class_list":["post-73130","post","type-post","status-publish","format-standard","has-post-thumbnail","hentry","category-notadefalecimento","category-noticiasdestaque"],"_links":{"self":[{"href":"https:\/\/jorgezanoni.com.br\/2019\/wp-json\/wp\/v2\/posts\/73130","targetHints":{"allow":["GET"]}}],"collection":[{"href":"https:\/\/jorgezanoni.com.br\/2019\/wp-json\/wp\/v2\/posts"}],"about":[{"href":"https:\/\/jorgezanoni.com.br\/2019\/wp-json\/wp\/v2\/types\/post"}],"author":[{"embeddable":true,"href":"https:\/\/jorgezanoni.com.br\/2019\/wp-json\/wp\/v2\/users\/1"}],"replies":[{"embeddable":true,"href":"https:\/\/jorgezanoni.com.br\/2019\/wp-json\/wp\/v2\/comments?post=73130"}],"version-history":[{"count":1,"href":"https:\/\/jorgezanoni.com.br\/2019\/wp-json\/wp\/v2\/posts\/73130\/revisions"}],"predecessor-version":[{"id":73134,"href":"https:\/\/jorgezanoni.com.br\/2019\/wp-json\/wp\/v2\/posts\/73130\/revisions\/73134"}],"wp:featuredmedia":[{"embeddable":true,"href":"https:\/\/jorgezanoni.com.br\/2019\/wp-json\/wp\/v2\/media\/73131"}],"wp:attachment":[{"href":"https:\/\/jorgezanoni.com.br\/2019\/wp-json\/wp\/v2\/media?parent=73130"}],"wp:term":[{"taxonomy":"category","embeddable":true,"href":"https:\/\/jorgezanoni.com.br\/2019\/wp-json\/wp\/v2\/categories?post=73130"},{"taxonomy":"post_tag","embeddable":true,"href":"https:\/\/jorgezanoni.com.br\/2019\/wp-json\/wp\/v2\/tags?post=73130"}],"curies":[{"name":"wp","href":"https:\/\/api.w.org\/{rel}","templated":true}]}}