{"id":73113,"date":"2023-01-22T21:01:14","date_gmt":"2023-01-22T21:01:14","guid":{"rendered":"https:\/\/jorgezanoni.com.br\/2019\/?p=73113"},"modified":"2023-01-22T21:01:14","modified_gmt":"2023-01-22T21:01:14","slug":"morre-o-sargento-pm-roodiney-borges-em-dracena","status":"publish","type":"post","link":"https:\/\/jorgezanoni.com.br\/2019\/morre-o-sargento-pm-roodiney-borges-em-dracena\/","title":{"rendered":"Morre o Sargento PM Roodiney Borges em Dracena"},"content":{"rendered":"<div class=\"x11i5rnm xat24cr x1mh8g0r x1vvkbs xdj266r x126k92a\">\n<div dir=\"auto\" style=\"text-align: justify;\">Comunicamos com pesar o falecimento do Sargento da Pol\u00edcia Militar\u00a0 Roodiney Borges de 39 anos. O policial passou mal neste domingo (22) no in\u00edcio da tarde, havia trabalhado at\u00e9 as 6 H da manh\u00e3.<\/div>\n<\/div>\n<div dir=\"auto\" style=\"text-align: justify;\"><\/div>\n<div dir=\"auto\" style=\"text-align: justify;\">NOTA DE PESAR DO 25\u00ba BPM\/I a qual o Sargento pertencia.<\/div>\n<div class=\"x11i5rnm xat24cr x1mh8g0r x1vvkbs xtlvy1s x126k92a\">\n<div dir=\"auto\"><\/div>\n<\/div>\n<div dir=\"auto\"><img loading=\"lazy\" decoding=\"async\" class=\"alignnone size-full wp-image-73114\" src=\"https:\/\/jorgezanoni.com.br\/2019\/wp-content\/uploads\/2023\/01\/Soldado.jpg\" alt=\"\" width=\"526\" height=\"690\" srcset=\"https:\/\/jorgezanoni.com.br\/2019\/wp-content\/uploads\/2023\/01\/Soldado.jpg 526w, https:\/\/jorgezanoni.com.br\/2019\/wp-content\/uploads\/2023\/01\/Soldado-229x300.jpg 229w, https:\/\/jorgezanoni.com.br\/2019\/wp-content\/uploads\/2023\/01\/Soldado-320x420.jpg 320w\" sizes=\"auto, (max-width: 526px) 100vw, 526px\" \/><\/div>\n<div dir=\"auto\"><\/div>\n<div dir=\"auto\"><img loading=\"lazy\" decoding=\"async\" class=\"alignnone size-full wp-image-73115\" src=\"https:\/\/jorgezanoni.com.br\/2019\/wp-content\/uploads\/2023\/01\/Soldado3.jpg\" alt=\"\" width=\"933\" height=\"1280\" srcset=\"https:\/\/jorgezanoni.com.br\/2019\/wp-content\/uploads\/2023\/01\/Soldado3.jpg 933w, https:\/\/jorgezanoni.com.br\/2019\/wp-content\/uploads\/2023\/01\/Soldado3-219x300.jpg 219w, https:\/\/jorgezanoni.com.br\/2019\/wp-content\/uploads\/2023\/01\/Soldado3-746x1024.jpg 746w, https:\/\/jorgezanoni.com.br\/2019\/wp-content\/uploads\/2023\/01\/Soldado3-768x1054.jpg 768w, https:\/\/jorgezanoni.com.br\/2019\/wp-content\/uploads\/2023\/01\/Soldado3-696x955.jpg 696w, https:\/\/jorgezanoni.com.br\/2019\/wp-content\/uploads\/2023\/01\/Soldado3-306x420.jpg 306w\" sizes=\"auto, (max-width: 933px) 100vw, 933px\" \/><\/div>\n<div dir=\"auto\"><\/div>\n<div dir=\"auto\" style=\"text-align: justify;\">O Site JZ se solidariza com a fam\u00edlia, 25\u00ba BPM\/I a qual pertencia o Sargento e amigos, especialmente os colegas de farda de Dracena.<\/div>\n<div dir=\"auto\"><\/div>\n<div dir=\"auto\">Jorge Zanoni<\/div>\n","protected":false},"excerpt":{"rendered":"<p>Comunicamos com pesar o falecimento do Sargento da Pol\u00edcia Militar\u00a0 Roodiney Borges de 39 anos. O policial passou mal neste domingo (22) no in\u00edcio da tarde, havia trabalhado at\u00e9 as 6 H da manh\u00e3. NOTA DE PESAR DO 25\u00ba BPM\/I a qual o Sargento pertencia. O Site JZ se solidariza com a fam\u00edlia, 25\u00ba BPM\/I [&hellip;]<\/p>\n","protected":false},"author":1,"featured_media":73116,"comment_status":"closed","ping_status":"open","sticky":false,"template":"","format":"standard","meta":{"footnotes":""},"categories":[178,110],"tags":[],"class_list":["post-73113","post","type-post","status-publish","format-standard","has-post-thumbnail","hentry","category-notadefalecimento","category-noticiasdestaque"],"_links":{"self":[{"href":"https:\/\/jorgezanoni.com.br\/2019\/wp-json\/wp\/v2\/posts\/73113","targetHints":{"allow":["GET"]}}],"collection":[{"href":"https:\/\/jorgezanoni.com.br\/2019\/wp-json\/wp\/v2\/posts"}],"about":[{"href":"https:\/\/jorgezanoni.com.br\/2019\/wp-json\/wp\/v2\/types\/post"}],"author":[{"embeddable":true,"href":"https:\/\/jorgezanoni.com.br\/2019\/wp-json\/wp\/v2\/users\/1"}],"replies":[{"embeddable":true,"href":"https:\/\/jorgezanoni.com.br\/2019\/wp-json\/wp\/v2\/comments?post=73113"}],"version-history":[{"count":1,"href":"https:\/\/jorgezanoni.com.br\/2019\/wp-json\/wp\/v2\/posts\/73113\/revisions"}],"predecessor-version":[{"id":73117,"href":"https:\/\/jorgezanoni.com.br\/2019\/wp-json\/wp\/v2\/posts\/73113\/revisions\/73117"}],"wp:featuredmedia":[{"embeddable":true,"href":"https:\/\/jorgezanoni.com.br\/2019\/wp-json\/wp\/v2\/media\/73116"}],"wp:attachment":[{"href":"https:\/\/jorgezanoni.com.br\/2019\/wp-json\/wp\/v2\/media?parent=73113"}],"wp:term":[{"taxonomy":"category","embeddable":true,"href":"https:\/\/jorgezanoni.com.br\/2019\/wp-json\/wp\/v2\/categories?post=73113"},{"taxonomy":"post_tag","embeddable":true,"href":"https:\/\/jorgezanoni.com.br\/2019\/wp-json\/wp\/v2\/tags?post=73113"}],"curies":[{"name":"wp","href":"https:\/\/api.w.org\/{rel}","templated":true}]}}