{"id":73089,"date":"2023-01-21T20:26:10","date_gmt":"2023-01-21T20:26:10","guid":{"rendered":"https:\/\/jorgezanoni.com.br\/2019\/?p=73089"},"modified":"2023-01-21T20:26:10","modified_gmt":"2023-01-21T20:26:10","slug":"policia-militar-prende-homem-por-descumprimento-de-medida-protetiva-e-porte-de-entorpecentes-em-flora-rica","status":"publish","type":"post","link":"https:\/\/jorgezanoni.com.br\/2019\/policia-militar-prende-homem-por-descumprimento-de-medida-protetiva-e-porte-de-entorpecentes-em-flora-rica\/","title":{"rendered":"Pol\u00edcia Militar prende homem por descumprimento de medida protetiva e porte de entorpecentes em Flora Rica"},"content":{"rendered":"<p style=\"text-align: justify;\">Na data de ontem (20) durante fiscaliza\u00e7\u00e3o de tr\u00e2nsito pela Av Pref Octaciano Pereira de Andrade foi visualizado o ve\u00edculo GM\/VECTRA CD ocupado por 2 pessoas. Dado ordem de parada, por\u00e9m o condutor desobedeceu e empreendeu fuga iniciando um breve acompanhamento por diversas ruas da cidade retornando para Av de in\u00edcio onde foi abordado. Condutor e passageira submetidos a revista pessoal e nada de il\u00edcito foi localizado. Foi realizado vistoria veicular localizando um inv\u00f3lucro de pl\u00e1stico e um cigarro artesanal escondido dentro de uma meia com subst\u00e2ncia aparentando ser maconha, indagado o condutor informou ser de sua propriedade e que havia tentado se evadir devido ter consumido bebida alco\u00f3lica e estar com o entorpecente. Realizado pesquisa da documenta\u00e7\u00e3o dos abordados e ve\u00edculo n\u00e3o foi constatado irregularidades, por\u00e9m o Copom retornou com uma medida protetiva em vigor em desfavor de amparando sua namorada.<br \/>\nDiante dos fatos foi dado voz de pris\u00e3o a Ariel sendo conduzido juntamente com a sua namorada at\u00e9 o plant\u00e3o policial de Adamamtina sendo ratificado a voz de pris\u00e3o permanecendo a disposi\u00e7\u00e3o da justi\u00e7a.<br \/>\nVe\u00edculo removido ao p\u00e1tio credenciado devido mau estado de conserva\u00e7\u00e3o e tomado todas as medidas administrativas.<\/p>\n<p style=\"text-align: justify;\">Fonte: Com. Social Pol\u00edcia Militar<\/p>\n","protected":false},"excerpt":{"rendered":"<p>Na data de ontem (20) durante fiscaliza\u00e7\u00e3o de tr\u00e2nsito pela Av Pref Octaciano Pereira de Andrade foi visualizado o ve\u00edculo GM\/VECTRA CD ocupado por 2 pessoas. Dado ordem de parada, por\u00e9m o condutor desobedeceu e empreendeu fuga iniciando um breve acompanhamento por diversas ruas da cidade retornando para Av de in\u00edcio onde foi abordado. Condutor [&hellip;]<\/p>\n","protected":false},"author":1,"featured_media":73090,"comment_status":"closed","ping_status":"open","sticky":false,"template":"","format":"standard","meta":{"footnotes":""},"categories":[110,2],"tags":[],"class_list":["post-73089","post","type-post","status-publish","format-standard","has-post-thumbnail","hentry","category-noticiasdestaque","category-policial"],"_links":{"self":[{"href":"https:\/\/jorgezanoni.com.br\/2019\/wp-json\/wp\/v2\/posts\/73089","targetHints":{"allow":["GET"]}}],"collection":[{"href":"https:\/\/jorgezanoni.com.br\/2019\/wp-json\/wp\/v2\/posts"}],"about":[{"href":"https:\/\/jorgezanoni.com.br\/2019\/wp-json\/wp\/v2\/types\/post"}],"author":[{"embeddable":true,"href":"https:\/\/jorgezanoni.com.br\/2019\/wp-json\/wp\/v2\/users\/1"}],"replies":[{"embeddable":true,"href":"https:\/\/jorgezanoni.com.br\/2019\/wp-json\/wp\/v2\/comments?post=73089"}],"version-history":[{"count":1,"href":"https:\/\/jorgezanoni.com.br\/2019\/wp-json\/wp\/v2\/posts\/73089\/revisions"}],"predecessor-version":[{"id":73091,"href":"https:\/\/jorgezanoni.com.br\/2019\/wp-json\/wp\/v2\/posts\/73089\/revisions\/73091"}],"wp:featuredmedia":[{"embeddable":true,"href":"https:\/\/jorgezanoni.com.br\/2019\/wp-json\/wp\/v2\/media\/73090"}],"wp:attachment":[{"href":"https:\/\/jorgezanoni.com.br\/2019\/wp-json\/wp\/v2\/media?parent=73089"}],"wp:term":[{"taxonomy":"category","embeddable":true,"href":"https:\/\/jorgezanoni.com.br\/2019\/wp-json\/wp\/v2\/categories?post=73089"},{"taxonomy":"post_tag","embeddable":true,"href":"https:\/\/jorgezanoni.com.br\/2019\/wp-json\/wp\/v2\/tags?post=73089"}],"curies":[{"name":"wp","href":"https:\/\/api.w.org\/{rel}","templated":true}]}}