{"id":73086,"date":"2023-01-21T20:20:03","date_gmt":"2023-01-21T20:20:03","guid":{"rendered":"https:\/\/jorgezanoni.com.br\/2019\/?p=73086"},"modified":"2023-01-21T20:20:03","modified_gmt":"2023-01-21T20:20:03","slug":"policia-militar-faz-apreensao-de-drogas-no-bairro-santa-clara-em-dracena","status":"publish","type":"post","link":"https:\/\/jorgezanoni.com.br\/2019\/policia-militar-faz-apreensao-de-drogas-no-bairro-santa-clara-em-dracena\/","title":{"rendered":"Pol\u00edcia Militar faz apreens\u00e3o de Drogas no Bairro Santa Clara em Dracena"},"content":{"rendered":"<p style=\"text-align: justify;\"><strong>POL\u00cdCIA MILITAR FAZ APREENS\u00c3O DE DROGAS EM DRACENA NA RUA MARIA MORETTI CARREIRA X RUA IRRADIA\u00c7\u00c3O, JD SANTA CLARA.<\/strong><\/p>\n<p style=\"text-align: justify;\">Foram arrolados e dispensados um homem de 58 anos e uma mulher de 56 e apreendidos: 02 TABLETES E V\u00c1RIAS POR\u00c7\u00d5ES DE MACONHA, TOTALIZANDO \u2013 0,673 KG; 01 BALAN\u00c7A DE PRECIS\u00c3O; 01 CARTEIRA COM DOCUMENTOS PESSOAIS; 01 MOCHILA ESCOLAR INFANTIL; 01 PRATO DE VIDRO.<\/p>\n<p style=\"text-align: justify;\">NA DATA DE ONTEM 20 POR VOLTA DAS 12H06MIN DURANTE PATRULHAMENTO PELA RUA MARIA MORETTI CARREIRA X RUA IRRADIA\u00c7\u00c3O EM UMA AREA DE PASTAGEM, DEBAIXO DE UM P\u00c9 DE JACA FOI AVISTADO TR\u00caS INDIVIDUOS, SENDO QUE QUANDO VISUALIZARAM A VIATURA SE ESCONDERAM E AO APROXIMARMOS PARA ABORDAGEM OS INDIVIDUOS CORRERAM, SENDO QUE DOIS INDIVIDUOS CORRERAM SENTIDO AO BAIRRO BELA VISTA E OUTRO IND\u00cdVIDUO SENTIDO JARDIM BRASIL\u00c2NDIA, SENDO QUE ESTE ESTAVA COM UMA MOCHILA ESCOLAR INFANTIL, E DURANTE O ACOMPANHAMENTO A P\u00c9 NA PASTAGEM, O INDIV\u00cdDUO DISPENSOU A MOCHILA E ADENTROU NO BURAC\u00c3O, PERDENDO-O DE VISTA, OS OUTROS DOIS INDIV\u00cdDUOS TAMBEM HOMIZIARAM NO BURAC\u00c3O, SENDO SOLICITADO APOIO DAS VIATURAS ONDE FOI REALIZADO O CERCO E COM APOIO DO HELICOPTERO AGUIA DA POL\u00cdCIA MILITAR FOI REALIZADO AS BUSCAS, P\u00d3REM SEM \u00caXITO. NO LOCAL, DEBAIXO DO P\u00c9 DE JACA, FORAM LOCALIZADAS SEIS POR\u00c7\u00d5ES DE MACONHA, PRATO, EMBALAGEM PARA DROGAS E UMA BALAN\u00c7A DE PRECIS\u00c3O. REALIZADO BUSCA NA PASTAGEM FOI LOCALIZADO A MOCHILA ESCOLAR INFANTIL, CONTENDO EM SEU INTERIOR DOIS TABLETES DE MACONHA E UMA CARTEIRA DE DOCUMENTOS PESSOAIS DO 02 ARROL\/ DISPENSADO E DE SUA AMASIA.<br \/>\nDIANTE DISSO, FORAM APREENDIDOS OBJETOS E AS DROGAS.<\/p>\n<p>Fonte: Com. Social Pol\u00edcia Militar<\/p>\n","protected":false},"excerpt":{"rendered":"<p>POL\u00cdCIA MILITAR FAZ APREENS\u00c3O DE DROGAS EM DRACENA NA RUA MARIA MORETTI CARREIRA X RUA IRRADIA\u00c7\u00c3O, JD SANTA CLARA. Foram arrolados e dispensados um homem de 58 anos e uma mulher de 56 e apreendidos: 02 TABLETES E V\u00c1RIAS POR\u00c7\u00d5ES DE MACONHA, TOTALIZANDO \u2013 0,673 KG; 01 BALAN\u00c7A DE PRECIS\u00c3O; 01 CARTEIRA COM DOCUMENTOS PESSOAIS; [&hellip;]<\/p>\n","protected":false},"author":1,"featured_media":73087,"comment_status":"closed","ping_status":"open","sticky":false,"template":"","format":"standard","meta":{"footnotes":""},"categories":[110,2],"tags":[],"class_list":["post-73086","post","type-post","status-publish","format-standard","has-post-thumbnail","hentry","category-noticiasdestaque","category-policial"],"_links":{"self":[{"href":"https:\/\/jorgezanoni.com.br\/2019\/wp-json\/wp\/v2\/posts\/73086","targetHints":{"allow":["GET"]}}],"collection":[{"href":"https:\/\/jorgezanoni.com.br\/2019\/wp-json\/wp\/v2\/posts"}],"about":[{"href":"https:\/\/jorgezanoni.com.br\/2019\/wp-json\/wp\/v2\/types\/post"}],"author":[{"embeddable":true,"href":"https:\/\/jorgezanoni.com.br\/2019\/wp-json\/wp\/v2\/users\/1"}],"replies":[{"embeddable":true,"href":"https:\/\/jorgezanoni.com.br\/2019\/wp-json\/wp\/v2\/comments?post=73086"}],"version-history":[{"count":1,"href":"https:\/\/jorgezanoni.com.br\/2019\/wp-json\/wp\/v2\/posts\/73086\/revisions"}],"predecessor-version":[{"id":73088,"href":"https:\/\/jorgezanoni.com.br\/2019\/wp-json\/wp\/v2\/posts\/73086\/revisions\/73088"}],"wp:featuredmedia":[{"embeddable":true,"href":"https:\/\/jorgezanoni.com.br\/2019\/wp-json\/wp\/v2\/media\/73087"}],"wp:attachment":[{"href":"https:\/\/jorgezanoni.com.br\/2019\/wp-json\/wp\/v2\/media?parent=73086"}],"wp:term":[{"taxonomy":"category","embeddable":true,"href":"https:\/\/jorgezanoni.com.br\/2019\/wp-json\/wp\/v2\/categories?post=73086"},{"taxonomy":"post_tag","embeddable":true,"href":"https:\/\/jorgezanoni.com.br\/2019\/wp-json\/wp\/v2\/tags?post=73086"}],"curies":[{"name":"wp","href":"https:\/\/api.w.org\/{rel}","templated":true}]}}