{"id":73066,"date":"2023-01-20T16:27:32","date_gmt":"2023-01-20T16:27:32","guid":{"rendered":"https:\/\/jorgezanoni.com.br\/2019\/?p=73066"},"modified":"2023-01-20T16:27:32","modified_gmt":"2023-01-20T16:27:32","slug":"comerciante-e-esfaqueado-durante-a-madrugada-quando-fechava-estabelecimento-em-dracena","status":"publish","type":"post","link":"https:\/\/jorgezanoni.com.br\/2019\/comerciante-e-esfaqueado-durante-a-madrugada-quando-fechava-estabelecimento-em-dracena\/","title":{"rendered":"Comerciante \u00e9 esfaqueado durante a madrugada quando fechava estabelecimento em Dracena"},"content":{"rendered":"<p style=\"text-align: justify;\">POL\u00cdCIA MILITAR ATENDE ROUBO A ESTABELECIMENTO COMERCIAL EM DRACENA.<\/p>\n<p style=\"text-align: justify;\">Na madrugada de hoje (20) por volta das 00h52min a equipe da Pol\u00edcia Militar foi acionada via 190, onde segundo uma testemunha um homem (comerciante 67 anos) foi abordado por um indiv\u00edduo para tentativa de roubo a um trailer na Av. Jos\u00e9 Bonif\u00e1cio Vila Barros em Dracena, momento que ele reagiu e entraram em luta corporal, sendo esfaqueado. Com a chegada da equipe da Pol\u00edcia Militar a v\u00edtima j\u00e1 havia sido socorrida pela Unidade de Resgate at\u00e9 Pronto Atendimento Municipal e encaminhado para o centro cir\u00fargico, com tr\u00eas perfura\u00e7\u00f5es sendo dorso, bra\u00e7o e t\u00f3rax todos do lado esquerdo. Local periciado e realizado buscas na tentativa de localiza\u00e7\u00e3o do infrator, mas n\u00e3o foi obtido \u00eaxito.<\/p>\n<p><img loading=\"lazy\" decoding=\"async\" class=\"alignnone size-full wp-image-73067\" src=\"https:\/\/jorgezanoni.com.br\/2019\/wp-content\/uploads\/2023\/01\/IMG_3760.jpg\" alt=\"\" width=\"700\" height=\"525\" srcset=\"https:\/\/jorgezanoni.com.br\/2019\/wp-content\/uploads\/2023\/01\/IMG_3760.jpg 700w, https:\/\/jorgezanoni.com.br\/2019\/wp-content\/uploads\/2023\/01\/IMG_3760-300x225.jpg 300w, https:\/\/jorgezanoni.com.br\/2019\/wp-content\/uploads\/2023\/01\/IMG_3760-80x60.jpg 80w, https:\/\/jorgezanoni.com.br\/2019\/wp-content\/uploads\/2023\/01\/IMG_3760-265x198.jpg 265w, https:\/\/jorgezanoni.com.br\/2019\/wp-content\/uploads\/2023\/01\/IMG_3760-696x522.jpg 696w, https:\/\/jorgezanoni.com.br\/2019\/wp-content\/uploads\/2023\/01\/IMG_3760-560x420.jpg 560w\" sizes=\"auto, (max-width: 700px) 100vw, 700px\" \/><\/p>\n<p style=\"text-align: justify;\">#25bpmi<br \/>\n#cpi8<br \/>\n#POLICIAMILITARSP<br \/>\n#AFOR\u00c7AP\u00daBLICADES\u00c3OPAULO<br \/>\nComunica\u00e7\u00e3o Social do 25BPMI e regi\u00e3o<\/p>\n","protected":false},"excerpt":{"rendered":"<p>POL\u00cdCIA MILITAR ATENDE ROUBO A ESTABELECIMENTO COMERCIAL EM DRACENA. Na madrugada de hoje (20) por volta das 00h52min a equipe da Pol\u00edcia Militar foi acionada via 190, onde segundo uma testemunha um homem (comerciante 67 anos) foi abordado por um indiv\u00edduo para tentativa de roubo a um trailer na Av. Jos\u00e9 Bonif\u00e1cio Vila Barros em [&hellip;]<\/p>\n","protected":false},"author":1,"featured_media":73068,"comment_status":"closed","ping_status":"open","sticky":false,"template":"","format":"standard","meta":{"footnotes":""},"categories":[110,2],"tags":[],"class_list":["post-73066","post","type-post","status-publish","format-standard","has-post-thumbnail","hentry","category-noticiasdestaque","category-policial"],"_links":{"self":[{"href":"https:\/\/jorgezanoni.com.br\/2019\/wp-json\/wp\/v2\/posts\/73066","targetHints":{"allow":["GET"]}}],"collection":[{"href":"https:\/\/jorgezanoni.com.br\/2019\/wp-json\/wp\/v2\/posts"}],"about":[{"href":"https:\/\/jorgezanoni.com.br\/2019\/wp-json\/wp\/v2\/types\/post"}],"author":[{"embeddable":true,"href":"https:\/\/jorgezanoni.com.br\/2019\/wp-json\/wp\/v2\/users\/1"}],"replies":[{"embeddable":true,"href":"https:\/\/jorgezanoni.com.br\/2019\/wp-json\/wp\/v2\/comments?post=73066"}],"version-history":[{"count":1,"href":"https:\/\/jorgezanoni.com.br\/2019\/wp-json\/wp\/v2\/posts\/73066\/revisions"}],"predecessor-version":[{"id":73069,"href":"https:\/\/jorgezanoni.com.br\/2019\/wp-json\/wp\/v2\/posts\/73066\/revisions\/73069"}],"wp:featuredmedia":[{"embeddable":true,"href":"https:\/\/jorgezanoni.com.br\/2019\/wp-json\/wp\/v2\/media\/73068"}],"wp:attachment":[{"href":"https:\/\/jorgezanoni.com.br\/2019\/wp-json\/wp\/v2\/media?parent=73066"}],"wp:term":[{"taxonomy":"category","embeddable":true,"href":"https:\/\/jorgezanoni.com.br\/2019\/wp-json\/wp\/v2\/categories?post=73066"},{"taxonomy":"post_tag","embeddable":true,"href":"https:\/\/jorgezanoni.com.br\/2019\/wp-json\/wp\/v2\/tags?post=73066"}],"curies":[{"name":"wp","href":"https:\/\/api.w.org\/{rel}","templated":true}]}}