{"id":73063,"date":"2023-01-20T16:03:50","date_gmt":"2023-01-20T16:03:50","guid":{"rendered":"https:\/\/jorgezanoni.com.br\/2019\/?p=73063"},"modified":"2023-01-20T16:03:50","modified_gmt":"2023-01-20T16:03:50","slug":"ministerio-publico-ingressou-com-acao-civil-publica-contra-a-camara-municipal-de-tupi-paulista","status":"publish","type":"post","link":"https:\/\/jorgezanoni.com.br\/2019\/ministerio-publico-ingressou-com-acao-civil-publica-contra-a-camara-municipal-de-tupi-paulista\/","title":{"rendered":"Minist\u00e9rio P\u00fablico ingressou com A\u00e7\u00e3o Civil P\u00fablica contra a C\u00e2mara Municipal de Tupi Paulista"},"content":{"rendered":"<p class=\"v1MsoNormal\" style=\"text-align: justify;\">O Minist\u00e9rio P\u00fablico ingressou com uma A\u00e7\u00e3o Civil P\u00fablica contra a C\u00e2mara Municipal de Tupi Paulista, o processo \u00e9 p\u00fablico e pode ser consultado atrav\u00e9s do site do Tribunal de Justi\u00e7a do Estado de S\u00e3o Paulo, Processo n\u00ba\u00a0<b>1002452-26.2022.8.26.0638;\u00a0<\/b>na ocasi\u00e3o houve uma representa\u00e7\u00e3o de Noticia de Fato revertida em Inqu\u00e9rito Civil para apurar eventuais irregularidades em processo licitat\u00f3rio, neste sentido, o Minist\u00e9rio P\u00fablico local promoveu o arquivamento, por\u00e9m o Conselho Superior do Minist\u00e9rio P\u00fablico rejeitou tal medida.<\/p>\n<p class=\"v1MsoNormal\" style=\"text-align: justify;\">Houve a proposta de assinatura de um Termo de Ajustamento de Conduta \u2013 TAC \u2013 entretanto a C\u00e2mara de Vereadores se negou a aceitar e n\u00e3o havendo outra possibilidade para acabar com a conduta irregular o Minist\u00e9rio P\u00fablico prop\u00f4s uma A\u00e7\u00e3o Civil P\u00fablica.<\/p>\n<p class=\"v1MsoNormal\" dir=\"auto\" style=\"text-align: justify;\">Ainda na peti\u00e7\u00e3o do ajuizada pelo Minist\u00e9rio P\u00fablico em raz\u00e3o de serem cargos de natureza t\u00e9cnica, permanente e continuas, pediu o desligamento da empresa do ramo cont\u00e1bil ganhadora da licita\u00e7\u00e3o e a exonera\u00e7\u00e3o do Assessor Jur\u00eddico em cargo em comiss\u00e3o, ou seja, &#8220;cargo de confian\u00e7a&#8221; de livre nomea\u00e7\u00e3o e exonera\u00e7\u00e3o do Presidente da C\u00e2mara de Vereadores da cidade. Um dos s\u00f3cios da empresa e irm\u00e3o do assessor jur\u00eddico em cargo em comiss\u00e3o.<\/p>\n<div style=\"text-align: justify;\">Fonte: Processo TP\/SP N\u00ba\u00a0<b>1002452-26.2022.8.26.0638<\/b><\/div>\n","protected":false},"excerpt":{"rendered":"<p>O Minist\u00e9rio P\u00fablico ingressou com uma A\u00e7\u00e3o Civil P\u00fablica contra a C\u00e2mara Municipal de Tupi Paulista, o processo \u00e9 p\u00fablico e pode ser consultado atrav\u00e9s do site do Tribunal de Justi\u00e7a do Estado de S\u00e3o Paulo, Processo n\u00ba\u00a01002452-26.2022.8.26.0638;\u00a0na ocasi\u00e3o houve uma representa\u00e7\u00e3o de Noticia de Fato revertida em Inqu\u00e9rito Civil para apurar eventuais irregularidades em [&hellip;]<\/p>\n","protected":false},"author":1,"featured_media":73064,"comment_status":"closed","ping_status":"open","sticky":false,"template":"","format":"standard","meta":{"footnotes":""},"categories":[120,110],"tags":[],"class_list":["post-73063","post","type-post","status-publish","format-standard","has-post-thumbnail","hentry","category-justicahabitacaotecnologia","category-noticiasdestaque"],"_links":{"self":[{"href":"https:\/\/jorgezanoni.com.br\/2019\/wp-json\/wp\/v2\/posts\/73063","targetHints":{"allow":["GET"]}}],"collection":[{"href":"https:\/\/jorgezanoni.com.br\/2019\/wp-json\/wp\/v2\/posts"}],"about":[{"href":"https:\/\/jorgezanoni.com.br\/2019\/wp-json\/wp\/v2\/types\/post"}],"author":[{"embeddable":true,"href":"https:\/\/jorgezanoni.com.br\/2019\/wp-json\/wp\/v2\/users\/1"}],"replies":[{"embeddable":true,"href":"https:\/\/jorgezanoni.com.br\/2019\/wp-json\/wp\/v2\/comments?post=73063"}],"version-history":[{"count":1,"href":"https:\/\/jorgezanoni.com.br\/2019\/wp-json\/wp\/v2\/posts\/73063\/revisions"}],"predecessor-version":[{"id":73065,"href":"https:\/\/jorgezanoni.com.br\/2019\/wp-json\/wp\/v2\/posts\/73063\/revisions\/73065"}],"wp:featuredmedia":[{"embeddable":true,"href":"https:\/\/jorgezanoni.com.br\/2019\/wp-json\/wp\/v2\/media\/73064"}],"wp:attachment":[{"href":"https:\/\/jorgezanoni.com.br\/2019\/wp-json\/wp\/v2\/media?parent=73063"}],"wp:term":[{"taxonomy":"category","embeddable":true,"href":"https:\/\/jorgezanoni.com.br\/2019\/wp-json\/wp\/v2\/categories?post=73063"},{"taxonomy":"post_tag","embeddable":true,"href":"https:\/\/jorgezanoni.com.br\/2019\/wp-json\/wp\/v2\/tags?post=73063"}],"curies":[{"name":"wp","href":"https:\/\/api.w.org\/{rel}","templated":true}]}}