{"id":73034,"date":"2023-01-19T20:20:30","date_gmt":"2023-01-19T20:20:30","guid":{"rendered":"https:\/\/jorgezanoni.com.br\/2019\/?p=73034"},"modified":"2023-01-19T20:20:30","modified_gmt":"2023-01-19T20:20:30","slug":"unifadra-oferece-o-curso-introducao-a-pratica-psicoterapeutica-ao-surdo","status":"publish","type":"post","link":"https:\/\/jorgezanoni.com.br\/2019\/unifadra-oferece-o-curso-introducao-a-pratica-psicoterapeutica-ao-surdo\/","title":{"rendered":"Unifadra oferece o curso &#8220;Introdu\u00e7\u00e3o \u00e0 Pr\u00e1tica Psicoterap\u00eautica ao Surdo&#8221;"},"content":{"rendered":"<p style=\"text-align: justify;\"><span style=\"font-size: large;\">Est\u00e3o abertas at\u00e9 o dia 17\/02 as inscri\u00e7\u00f5es para o curso &#8220;Introdu\u00e7\u00e3o \u00e0 Pr\u00e1tica Psicoterap\u00eautica ao Surdo&#8221; da Unifadra Dracena. Este \u00e9 um curso livre de curta dura\u00e7\u00e3o, que abordar\u00e1 teorias psicol\u00f3gicas e a pr\u00e1tica da Libras, a ser realizado em tr\u00eas s\u00e1bados.<\/span><\/p>\n<p><span style=\"font-size: large;\">Promovido pelo departamento de Psicologia, o curso de extens\u00e3o \u00e9 voltado para estudantes e profissionais que oferecem ou pretendem ofertar atendimento psicoterap\u00eautico a surdos. As atividades ser\u00e3o ministradas pelo psic\u00f3logo Eduardo Antoniassi Oliveira (instrutor e int\u00e9rprete) e pelo pedagogo Hugo Cesar Machado de Brito (instrutor de Libras) e iniciam no dia 25\/02, com carga hor\u00e1ria total de 20 horas.<\/span><\/p>\n<p><span style=\"font-size: large;\">Segundo a Profa. Ma. Andrea Frizo de Carvalho Barbosa, coordenadora do curso de Psicologia da Unifadra, este curso de extens\u00e3o &#8220;\u00e9 uma excelente oportunidade para acad\u00eamicos e profissionais que desejam ter conhecimentos introdut\u00f3rios para o desenvolvimento da pr\u00e1tica psicoter\u00e1pica com surdos.&#8221; Ela ainda afirma que &#8220;esse \u00e9 um compromisso importante da Psicologia enquanto ci\u00eancia e profiss\u00e3o com a sociedade e a diversidade: oferecer e desenvolver pr\u00e1ticas inclusivas, favorecendo que o atendimento psicoter\u00e1pico chegue a todos que necessitam de ajuda. Convidamos acad\u00eamicos e profissionais a participar!&#8221;<\/span><\/p>\n<p><b><span style=\"font-size: large;\">Curso de Extens\u00e3o: Introdu\u00e7\u00e3o \u00e0 Pr\u00e1tica Psicoterap\u00eautica ao Surdo<\/span><br \/>\n<\/b><span style=\"font-size: large;\"><b>P\u00fablico-alvo<\/b>: acad\u00eamicos dos cursos de Psicologia e Medicina; psic\u00f3logos; psicanalistas e psiquiatras<\/span><br \/>\n<span style=\"font-size: large;\"><b>Carga hor\u00e1ria<\/b>: 20 horas (3 s\u00e1bados)<\/span><br \/>\n<span style=\"font-size: large;\"><b>Quando<\/b>: dias 25\/02; 11\/03 e 25\/03\/2023<\/span><\/p>\n<p><span style=\"font-size: large;\"><b>Inscri\u00e7\u00f5es<\/b>: de 17\/01 at\u00e9 17\/02\/2023 (vagas limitadas)<\/span><br \/>\n<span style=\"font-size: large;\"><b>Investimento<\/b>: R$ 100,00 (2x R$ 50,00)<\/span><br \/>\n<span style=\"font-size: large;\"><b>Acesse<\/b>:\u00a0<a href=\"https:\/\/linktr.ee\/unifadra\" target=\"_blank\" rel=\"noopener noreferrer\">https:\/\/linktr.ee\/unifadra<\/a><\/span><\/p>\n<p><span style=\"font-size: large;\"><b>Mais informa\u00e7\u00f5es:<\/b><\/span><br \/>\n<span style=\"font-size: large;\">Secretaria Geral: (18) 3821-9009<\/span><\/p>\n<p>Fonte: Depto. de Comunica\u00e7\u00e3o da Fundec<\/p>\n","protected":false},"excerpt":{"rendered":"<p>Est\u00e3o abertas at\u00e9 o dia 17\/02 as inscri\u00e7\u00f5es para o curso &#8220;Introdu\u00e7\u00e3o \u00e0 Pr\u00e1tica Psicoterap\u00eautica ao Surdo&#8221; da Unifadra Dracena. Este \u00e9 um curso livre de curta dura\u00e7\u00e3o, que abordar\u00e1 teorias psicol\u00f3gicas e a pr\u00e1tica da Libras, a ser realizado em tr\u00eas s\u00e1bados. Promovido pelo departamento de Psicologia, o curso de extens\u00e3o \u00e9 voltado para [&hellip;]<\/p>\n","protected":false},"author":1,"featured_media":73035,"comment_status":"closed","ping_status":"open","sticky":false,"template":"","format":"standard","meta":{"footnotes":""},"categories":[110,122],"tags":[],"class_list":["post-73034","post","type-post","status-publish","format-standard","has-post-thumbnail","hentry","category-noticiasdestaque","category-saudeeducacaoeconcurso"],"_links":{"self":[{"href":"https:\/\/jorgezanoni.com.br\/2019\/wp-json\/wp\/v2\/posts\/73034","targetHints":{"allow":["GET"]}}],"collection":[{"href":"https:\/\/jorgezanoni.com.br\/2019\/wp-json\/wp\/v2\/posts"}],"about":[{"href":"https:\/\/jorgezanoni.com.br\/2019\/wp-json\/wp\/v2\/types\/post"}],"author":[{"embeddable":true,"href":"https:\/\/jorgezanoni.com.br\/2019\/wp-json\/wp\/v2\/users\/1"}],"replies":[{"embeddable":true,"href":"https:\/\/jorgezanoni.com.br\/2019\/wp-json\/wp\/v2\/comments?post=73034"}],"version-history":[{"count":1,"href":"https:\/\/jorgezanoni.com.br\/2019\/wp-json\/wp\/v2\/posts\/73034\/revisions"}],"predecessor-version":[{"id":73036,"href":"https:\/\/jorgezanoni.com.br\/2019\/wp-json\/wp\/v2\/posts\/73034\/revisions\/73036"}],"wp:featuredmedia":[{"embeddable":true,"href":"https:\/\/jorgezanoni.com.br\/2019\/wp-json\/wp\/v2\/media\/73035"}],"wp:attachment":[{"href":"https:\/\/jorgezanoni.com.br\/2019\/wp-json\/wp\/v2\/media?parent=73034"}],"wp:term":[{"taxonomy":"category","embeddable":true,"href":"https:\/\/jorgezanoni.com.br\/2019\/wp-json\/wp\/v2\/categories?post=73034"},{"taxonomy":"post_tag","embeddable":true,"href":"https:\/\/jorgezanoni.com.br\/2019\/wp-json\/wp\/v2\/tags?post=73034"}],"curies":[{"name":"wp","href":"https:\/\/api.w.org\/{rel}","templated":true}]}}