{"id":73031,"date":"2023-01-19T15:40:27","date_gmt":"2023-01-19T15:40:27","guid":{"rendered":"https:\/\/jorgezanoni.com.br\/2019\/?p=73031"},"modified":"2023-01-19T15:40:27","modified_gmt":"2023-01-19T15:40:27","slug":"fundec-abre-processo-seletivo-para-contratacao-temporaria","status":"publish","type":"post","link":"https:\/\/jorgezanoni.com.br\/2019\/fundec-abre-processo-seletivo-para-contratacao-temporaria\/","title":{"rendered":"Fundec abre processo seletivo para contrata\u00e7\u00e3o tempor\u00e1ria"},"content":{"rendered":"<p style=\"text-align: justify;\"><span style=\"font-size: large;\">A Funda\u00e7\u00e3o Dracenense de Educa\u00e7\u00e3o e Cultura (Fundec) abriu inscri\u00e7\u00f5es para o Processo Seletivo 01\/2023 para contrata\u00e7\u00e3o tempor\u00e1ria de um bibliotec\u00e1rio. O edital est\u00e1 dispon\u00edvel no link <a href=\"https:\/\/fundec.edu.br\/editais\" target=\"_blank\" rel=\"noopener noreferrer\">https:\/\/fundec.edu.br\/editais<\/a>\u00a0e os interessados devem acessar o bot\u00e3o &#8220;Portal de Inscri\u00e7\u00f5es&#8221; para se candidatar \u00e0s vagas, at\u00e9 o dia 30\/01\/2023. A contrata\u00e7\u00e3o ser\u00e1 feita por an\u00e1lise de curr\u00edculo e a divulga\u00e7\u00e3o do resultado ser\u00e1 realizada no dia 08\/02.<\/span><\/p>\n<p>Fonte: Depto. Com. Fundec<\/p>\n","protected":false},"excerpt":{"rendered":"<p>A Funda\u00e7\u00e3o Dracenense de Educa\u00e7\u00e3o e Cultura (Fundec) abriu inscri\u00e7\u00f5es para o Processo Seletivo 01\/2023 para contrata\u00e7\u00e3o tempor\u00e1ria de um bibliotec\u00e1rio. O edital est\u00e1 dispon\u00edvel no link https:\/\/fundec.edu.br\/editais\u00a0e os interessados devem acessar o bot\u00e3o &#8220;Portal de Inscri\u00e7\u00f5es&#8221; para se candidatar \u00e0s vagas, at\u00e9 o dia 30\/01\/2023. A contrata\u00e7\u00e3o ser\u00e1 feita por an\u00e1lise de curr\u00edculo e [&hellip;]<\/p>\n","protected":false},"author":1,"featured_media":73032,"comment_status":"closed","ping_status":"open","sticky":false,"template":"","format":"standard","meta":{"footnotes":""},"categories":[110,122],"tags":[],"class_list":["post-73031","post","type-post","status-publish","format-standard","has-post-thumbnail","hentry","category-noticiasdestaque","category-saudeeducacaoeconcurso"],"_links":{"self":[{"href":"https:\/\/jorgezanoni.com.br\/2019\/wp-json\/wp\/v2\/posts\/73031","targetHints":{"allow":["GET"]}}],"collection":[{"href":"https:\/\/jorgezanoni.com.br\/2019\/wp-json\/wp\/v2\/posts"}],"about":[{"href":"https:\/\/jorgezanoni.com.br\/2019\/wp-json\/wp\/v2\/types\/post"}],"author":[{"embeddable":true,"href":"https:\/\/jorgezanoni.com.br\/2019\/wp-json\/wp\/v2\/users\/1"}],"replies":[{"embeddable":true,"href":"https:\/\/jorgezanoni.com.br\/2019\/wp-json\/wp\/v2\/comments?post=73031"}],"version-history":[{"count":1,"href":"https:\/\/jorgezanoni.com.br\/2019\/wp-json\/wp\/v2\/posts\/73031\/revisions"}],"predecessor-version":[{"id":73033,"href":"https:\/\/jorgezanoni.com.br\/2019\/wp-json\/wp\/v2\/posts\/73031\/revisions\/73033"}],"wp:featuredmedia":[{"embeddable":true,"href":"https:\/\/jorgezanoni.com.br\/2019\/wp-json\/wp\/v2\/media\/73032"}],"wp:attachment":[{"href":"https:\/\/jorgezanoni.com.br\/2019\/wp-json\/wp\/v2\/media?parent=73031"}],"wp:term":[{"taxonomy":"category","embeddable":true,"href":"https:\/\/jorgezanoni.com.br\/2019\/wp-json\/wp\/v2\/categories?post=73031"},{"taxonomy":"post_tag","embeddable":true,"href":"https:\/\/jorgezanoni.com.br\/2019\/wp-json\/wp\/v2\/tags?post=73031"}],"curies":[{"name":"wp","href":"https:\/\/api.w.org\/{rel}","templated":true}]}}