{"id":7303,"date":"2019-09-26T01:25:16","date_gmt":"2019-09-26T01:25:16","guid":{"rendered":"https:\/\/jorgezanoni.com.br\/2019\/?p=7303"},"modified":"2019-09-26T01:25:16","modified_gmt":"2019-09-26T01:25:16","slug":"acidente-entre-carro-e-moto-no-jardim-jussara","status":"publish","type":"post","link":"https:\/\/jorgezanoni.com.br\/2019\/acidente-entre-carro-e-moto-no-jardim-jussara\/","title":{"rendered":"Acidente entre carro e moto no jardim Jussara"},"content":{"rendered":"<p style=\"text-align: justify;\">Nesta quarta-feira (25) foi registrado um acidente de tr\u00e2nsito na esquina das ruas S\u00e3o Paulo com Miguel do Nascimento.<\/p>\n<p style=\"text-align: justify;\">Segundo informa\u00e7\u00f5es bateram um ve\u00edculo e uma moto, sendo que o motociclista acabou levando a pior e tendo ferimentos. Um m\u00e9dico que estava de plant\u00e3o na Santa Casa que \u00e9 pr\u00f3xima do local do acidente que fez os primeiros socorros.<\/p>\n<p><img loading=\"lazy\" decoding=\"async\" class=\"alignnone size-full wp-image-7304\" src=\"https:\/\/jorgezanoni.com.br\/2019\/wp-content\/uploads\/2019\/09\/moto-1.jpg\" alt=\"\" width=\"581\" height=\"1032\" srcset=\"https:\/\/jorgezanoni.com.br\/2019\/wp-content\/uploads\/2019\/09\/moto-1.jpg 581w, https:\/\/jorgezanoni.com.br\/2019\/wp-content\/uploads\/2019\/09\/moto-1-169x300.jpg 169w, https:\/\/jorgezanoni.com.br\/2019\/wp-content\/uploads\/2019\/09\/moto-1-576x1024.jpg 576w, https:\/\/jorgezanoni.com.br\/2019\/wp-content\/uploads\/2019\/09\/moto-1-236x420.jpg 236w\" sizes=\"auto, (max-width: 581px) 100vw, 581px\" \/><\/p>\n<p style=\"text-align: justify;\">Uma ambul\u00e2ncia que socorreu o motociclista at\u00e9 o Pronto Atendimento Municipal.<\/p>\n<p style=\"text-align: justify;\">Jorge Zanoni<\/p>\n<p style=\"text-align: justify;\">Fotos de Internauta<\/p>\n<p>&nbsp;<\/p>\n<p>&nbsp;<\/p>\n","protected":false},"excerpt":{"rendered":"<p>Nesta quarta-feira (25) foi registrado um acidente de tr\u00e2nsito na esquina das ruas S\u00e3o Paulo com Miguel do Nascimento. Segundo informa\u00e7\u00f5es bateram um ve\u00edculo e uma moto, sendo que o motociclista acabou levando a pior e tendo ferimentos. Um m\u00e9dico que estava de plant\u00e3o na Santa Casa que \u00e9 pr\u00f3xima do local do acidente que [&hellip;]<\/p>\n","protected":false},"author":1,"featured_media":7305,"comment_status":"closed","ping_status":"open","sticky":false,"template":"","format":"standard","meta":{"footnotes":""},"categories":[170,110],"tags":[],"class_list":["post-7303","post","type-post","status-publish","format-standard","has-post-thumbnail","hentry","category-acidentes","category-noticiasdestaque"],"_links":{"self":[{"href":"https:\/\/jorgezanoni.com.br\/2019\/wp-json\/wp\/v2\/posts\/7303","targetHints":{"allow":["GET"]}}],"collection":[{"href":"https:\/\/jorgezanoni.com.br\/2019\/wp-json\/wp\/v2\/posts"}],"about":[{"href":"https:\/\/jorgezanoni.com.br\/2019\/wp-json\/wp\/v2\/types\/post"}],"author":[{"embeddable":true,"href":"https:\/\/jorgezanoni.com.br\/2019\/wp-json\/wp\/v2\/users\/1"}],"replies":[{"embeddable":true,"href":"https:\/\/jorgezanoni.com.br\/2019\/wp-json\/wp\/v2\/comments?post=7303"}],"version-history":[{"count":0,"href":"https:\/\/jorgezanoni.com.br\/2019\/wp-json\/wp\/v2\/posts\/7303\/revisions"}],"wp:featuredmedia":[{"embeddable":true,"href":"https:\/\/jorgezanoni.com.br\/2019\/wp-json\/wp\/v2\/media\/7305"}],"wp:attachment":[{"href":"https:\/\/jorgezanoni.com.br\/2019\/wp-json\/wp\/v2\/media?parent=7303"}],"wp:term":[{"taxonomy":"category","embeddable":true,"href":"https:\/\/jorgezanoni.com.br\/2019\/wp-json\/wp\/v2\/categories?post=7303"},{"taxonomy":"post_tag","embeddable":true,"href":"https:\/\/jorgezanoni.com.br\/2019\/wp-json\/wp\/v2\/tags?post=7303"}],"curies":[{"name":"wp","href":"https:\/\/api.w.org\/{rel}","templated":true}]}}