{"id":7300,"date":"2019-09-26T00:52:49","date_gmt":"2019-09-26T00:52:49","guid":{"rendered":"https:\/\/jorgezanoni.com.br\/2019\/?p=7300"},"modified":"2019-09-26T00:53:33","modified_gmt":"2019-09-26T00:53:33","slug":"sargentos-do-25o-bpm-i-participam-de-simposio-de-prevencao-da-vida-em-sao-paulo","status":"publish","type":"post","link":"https:\/\/jorgezanoni.com.br\/2019\/sargentos-do-25o-bpm-i-participam-de-simposio-de-prevencao-da-vida-em-sao-paulo\/","title":{"rendered":"Sargentos do 25\u00ba BPM\/I participam de Simp\u00f3sio de Preven\u00e7\u00e3o da Vida em S\u00e3o Paulo"},"content":{"rendered":"<p style=\"text-align: justify;\">Sargentos PM do 25BPM\/I participam de Simp\u00f3sio de Preven\u00e7\u00e3o da Vida. Os Sargentos PM Alc\u00e2ntara, Abreu, Almeida, Cavalieri, J\u00falio C\u00e9sar e Maki participaram de um Simp\u00f3sio que foi realizado no audit\u00f3rio do Copom em S\u00e3o Paulo. Foram abordados temas relacionados a preven\u00e7\u00e3o ao suic\u00eddio com v\u00e1rios palestrantes. O evento ocorreu na data de hoje em S\u00e3o Paulo.<\/p>\n<p>Fonte: Com. Social 25\u00ba BPM\/I<\/p>\n","protected":false},"excerpt":{"rendered":"<p>Sargentos PM do 25BPM\/I participam de Simp\u00f3sio de Preven\u00e7\u00e3o da Vida. Os Sargentos PM Alc\u00e2ntara, Abreu, Almeida, Cavalieri, J\u00falio C\u00e9sar e Maki participaram de um Simp\u00f3sio que foi realizado no audit\u00f3rio do Copom em S\u00e3o Paulo. Foram abordados temas relacionados a preven\u00e7\u00e3o ao suic\u00eddio com v\u00e1rios palestrantes. O evento ocorreu na data de hoje em [&hellip;]<\/p>\n","protected":false},"author":1,"featured_media":7301,"comment_status":"closed","ping_status":"open","sticky":false,"template":"","format":"standard","meta":{"footnotes":""},"categories":[2],"tags":[],"class_list":["post-7300","post","type-post","status-publish","format-standard","has-post-thumbnail","hentry","category-policial"],"_links":{"self":[{"href":"https:\/\/jorgezanoni.com.br\/2019\/wp-json\/wp\/v2\/posts\/7300","targetHints":{"allow":["GET"]}}],"collection":[{"href":"https:\/\/jorgezanoni.com.br\/2019\/wp-json\/wp\/v2\/posts"}],"about":[{"href":"https:\/\/jorgezanoni.com.br\/2019\/wp-json\/wp\/v2\/types\/post"}],"author":[{"embeddable":true,"href":"https:\/\/jorgezanoni.com.br\/2019\/wp-json\/wp\/v2\/users\/1"}],"replies":[{"embeddable":true,"href":"https:\/\/jorgezanoni.com.br\/2019\/wp-json\/wp\/v2\/comments?post=7300"}],"version-history":[{"count":0,"href":"https:\/\/jorgezanoni.com.br\/2019\/wp-json\/wp\/v2\/posts\/7300\/revisions"}],"wp:featuredmedia":[{"embeddable":true,"href":"https:\/\/jorgezanoni.com.br\/2019\/wp-json\/wp\/v2\/media\/7301"}],"wp:attachment":[{"href":"https:\/\/jorgezanoni.com.br\/2019\/wp-json\/wp\/v2\/media?parent=7300"}],"wp:term":[{"taxonomy":"category","embeddable":true,"href":"https:\/\/jorgezanoni.com.br\/2019\/wp-json\/wp\/v2\/categories?post=7300"},{"taxonomy":"post_tag","embeddable":true,"href":"https:\/\/jorgezanoni.com.br\/2019\/wp-json\/wp\/v2\/tags?post=7300"}],"curies":[{"name":"wp","href":"https:\/\/api.w.org\/{rel}","templated":true}]}}