{"id":72991,"date":"2023-01-17T23:45:43","date_gmt":"2023-01-17T23:45:43","guid":{"rendered":"https:\/\/jorgezanoni.com.br\/2019\/?p=72991"},"modified":"2023-01-17T23:45:43","modified_gmt":"2023-01-17T23:45:43","slug":"patriotarios-as-e-la-nave-va-por-sergio-barbosa","status":"publish","type":"post","link":"https:\/\/jorgezanoni.com.br\/2019\/patriotarios-as-e-la-nave-va-por-sergio-barbosa\/","title":{"rendered":"Patriot\u00e1rios\/as: \u201cE LA NAVE VA&#8230;\u201d(*)  (por S\u00e9rgio Barbosa)"},"content":{"rendered":"<p style=\"text-align: justify;\"><strong>Patriot\u00e1rios\/as: \u201cE LA NAVE VA&#8230;\u201d(*)<\/strong><\/p>\n<p style=\"text-align: justify;\"><strong>S\u00e9rgio Barbosa (**)<\/strong><\/p>\n<p style=\"text-align: justify;\"><strong><em>\u201cPrecisamos resolver nossos monstros secretos, nossas feridas clandestinas, nossa insanidade oculta.\u201d (<\/em><\/strong><a href=\"https:\/\/www.pensador.com\/autor\/michel_foucault\/\"><strong><em>Michel Foucault<\/em><\/strong><\/a><strong><em>)<\/em><\/strong><\/p>\n<p style=\"text-align: justify;\">Nesta quarta-feira, 18, faz mais de uma semana que ocorreram aqueles ATOS TERRORISTAS no Planalto Central, portanto, faz-se necess\u00e1rio continuar em ESTADO DE ALERTA contra essa turma de ALOPRADOS\/AS denominadas de MENTES MED\u00cdOCRES e ponto quase final&#8230;<\/p>\n<p style=\"text-align: justify;\">Portanto, daqui pra frente, ainda, TODO CUIDADO \u00c9 POUCO com essa cambada que ser\u00e3o sempre lembrados como os\/as PATRIOT\u00c1RIOS\/AS com suas camisas amarelas da CBF (sic) e in\u00fameras FAIXAS contra o PROCESSO DEMOCR\u00c1TICO em terras brasileiras&#8230;<\/p>\n<p style=\"text-align: justify;\">Al\u00e9m do mais e com muito menos, deve-se considerar que os\/as TERRORISTAS, ou seja, os MENINOS est\u00e3o na PAPUDA e as MENINAS na COLMEIA, ainda, outros\/as que participaram e fugiram do local, bem como, FINANCIADORES\/AS e ORGANZIADORES\/AS destes ATOS GOLPISTAS, est\u00e3o com os dias contados e mais cedo ou mais tarde, a POL\u00cdCIA FEDERAL vai LOCALIZAR e PRENDER os\/as TERRORISTAS&#8230;<\/p>\n<p style=\"text-align: justify;\">Outra coisa, diz respeito ao MENTOR PRINCIPAL deste GOLPE TERRORISTA, ou seja, o BOZZONARO com seus COISOS com COISAS, aquele que FUGIU e deixou os\/as PATRIOT\u00c1RIOS\/AS na espera da espera pelas 72 horas e assim por diante&#8230;<\/p>\n<p style=\"text-align: justify;\">Portanto, o\/a PATRIOT\u00c1RIO\/A que marcou presen\u00e7a todos os dias e noites em frente as UNIDADES MILITARES com suas CAMISETAS AMARELAS, FAIXAS GOLPISTAS e GRITOS DE MENTES MED\u00cdOCRES, tamb\u00e9m, est\u00e3o neste PACOTE daqueles\/as que fomentaram os fatos que ocorreram no dia 8 em BRASILIA&#8230;<\/p>\n<p style=\"text-align: justify;\">Todavia, espera-se que a JUSTI\u00c7A possa dar um jeito pra cima esta turma de ALOPRADOS\/AS travestidos de MENTES MED\u00cdOCRES com propostas TERRORISTAS, haja vista que o lema deste lado \u00e9 SEM ANISTIA!!!<\/p>\n<p style=\"text-align: justify;\">Nestes \u00faltimos 6 LONGOS ANOS, pode-se afirmar que foram anos de RETROCESSO em todas as \u00e1reas do PA\u00cdS, isso sem deixar de lado das MILHARES DE MORTES no per\u00edodo da PANDEMIA, ainda, a presen\u00e7a IN\u00daTIL daquele DESGOVERNO BOZZONARO com um MINIST\u00c9RIO DE MED\u00cdOCRES&#8230;<\/p>\n<p style=\"text-align: justify;\">De um jeito ou de outro, os\/as CAMISAS AMARELAS, ou seja, aqueles\/as que estiveram aqui ou ali, ainda, registrando ou sendo registrados pelas REDES SOCIAIS com MENSAGENS GOLPISTAS, tamb\u00e9m, est\u00e3o neste mesmo BARCO, desta forma, LA NAVE VA (*)&#8230;<\/p>\n<p style=\"text-align: justify;\">Pra n\u00e3o esquecer nunca mais, PERDERAM MAN\u00c9S!!!<\/p>\n<p style=\"text-align: justify;\"><em>___________________________<\/em><\/p>\n<p style=\"text-align: justify;\"><em>(*) \u201c<strong>E la nave va\u201d, FILME ITALIANO (1983) com dire\u00e7\u00e3o de Federico Fellini. Neste filme, s\u00e3o registrados atividades realizadas em um NAVIO DE LUXO, isso \u00e9, pelos\/as amigos\/as de uma CANTORA DE \u00d3PERA que faleceu e a reuni\u00e3o ocorre neste NAVIO&#8230;<\/strong><\/em><\/p>\n<p style=\"text-align: justify;\"><strong><em>(**) jornalista diplomado.<\/em><\/strong><\/p>\n<p style=\"text-align: justify;\"><strong><em>e-mail: <\/em><\/strong><a href=\"mailto:barbosa.sebar@gmail.com\"><strong><em>barbosa.sebar@gmail.com<\/em><\/strong><\/a><\/p>\n<p style=\"text-align: justify;\">\n<p>&nbsp;<\/p>\n","protected":false},"excerpt":{"rendered":"<p>Patriot\u00e1rios\/as: \u201cE LA NAVE VA&#8230;\u201d(*) S\u00e9rgio Barbosa (**) \u201cPrecisamos resolver nossos monstros secretos, nossas feridas clandestinas, nossa insanidade oculta.\u201d (Michel Foucault) Nesta quarta-feira, 18, faz mais de uma semana que ocorreram aqueles ATOS TERRORISTAS no Planalto Central, portanto, faz-se necess\u00e1rio continuar em ESTADO DE ALERTA contra essa turma de ALOPRADOS\/AS denominadas de MENTES MED\u00cdOCRES e [&hellip;]<\/p>\n","protected":false},"author":1,"featured_media":72992,"comment_status":"closed","ping_status":"open","sticky":false,"template":"","format":"standard","meta":{"footnotes":""},"categories":[175],"tags":[],"class_list":["post-72991","post","type-post","status-publish","format-standard","has-post-thumbnail","hentry","category-artigos"],"_links":{"self":[{"href":"https:\/\/jorgezanoni.com.br\/2019\/wp-json\/wp\/v2\/posts\/72991","targetHints":{"allow":["GET"]}}],"collection":[{"href":"https:\/\/jorgezanoni.com.br\/2019\/wp-json\/wp\/v2\/posts"}],"about":[{"href":"https:\/\/jorgezanoni.com.br\/2019\/wp-json\/wp\/v2\/types\/post"}],"author":[{"embeddable":true,"href":"https:\/\/jorgezanoni.com.br\/2019\/wp-json\/wp\/v2\/users\/1"}],"replies":[{"embeddable":true,"href":"https:\/\/jorgezanoni.com.br\/2019\/wp-json\/wp\/v2\/comments?post=72991"}],"version-history":[{"count":1,"href":"https:\/\/jorgezanoni.com.br\/2019\/wp-json\/wp\/v2\/posts\/72991\/revisions"}],"predecessor-version":[{"id":72993,"href":"https:\/\/jorgezanoni.com.br\/2019\/wp-json\/wp\/v2\/posts\/72991\/revisions\/72993"}],"wp:featuredmedia":[{"embeddable":true,"href":"https:\/\/jorgezanoni.com.br\/2019\/wp-json\/wp\/v2\/media\/72992"}],"wp:attachment":[{"href":"https:\/\/jorgezanoni.com.br\/2019\/wp-json\/wp\/v2\/media?parent=72991"}],"wp:term":[{"taxonomy":"category","embeddable":true,"href":"https:\/\/jorgezanoni.com.br\/2019\/wp-json\/wp\/v2\/categories?post=72991"},{"taxonomy":"post_tag","embeddable":true,"href":"https:\/\/jorgezanoni.com.br\/2019\/wp-json\/wp\/v2\/tags?post=72991"}],"curies":[{"name":"wp","href":"https:\/\/api.w.org\/{rel}","templated":true}]}}