{"id":72988,"date":"2023-01-17T23:22:59","date_gmt":"2023-01-17T23:22:59","guid":{"rendered":"https:\/\/jorgezanoni.com.br\/2019\/?p=72988"},"modified":"2023-01-17T23:22:59","modified_gmt":"2023-01-17T23:22:59","slug":"emdaep-anuncia-servicos-de-manutencao-na-bomba-do-poco-do-bairro-sao-francisco","status":"publish","type":"post","link":"https:\/\/jorgezanoni.com.br\/2019\/emdaep-anuncia-servicos-de-manutencao-na-bomba-do-poco-do-bairro-sao-francisco\/","title":{"rendered":"EMDAEP anuncia servi\u00e7os de manuten\u00e7\u00e3o na bomba do po\u00e7o do Bairro S\u00e3o Francisco"},"content":{"rendered":"<p style=\"text-align: justify;\">A equipe da EMDAEP detectou problemas na rede el\u00e9trica que atende a bomba do po\u00e7o do Bairro S\u00e3o Francisco. Os servi\u00e7os de manuten\u00e7\u00e3o ser\u00e3o realizados nesta quarta-feira, dia 18, no per\u00edodo da manh\u00e3.<\/p>\n<p style=\"text-align: justify;\">Em fun\u00e7\u00e3o do problema, pode faltar \u00e1gua no S\u00e3o Francisco e bairros pr\u00f3ximos. Est\u00e3o sendo realizadas manobras na rede p\u00fablica para minimizar os problemas de desabastecimento.<\/p>\n<p style=\"text-align: justify;\">Ass. Rela\u00e7\u00f5es P\u00fablicas da EMDAEP<\/p>\n","protected":false},"excerpt":{"rendered":"<p>A equipe da EMDAEP detectou problemas na rede el\u00e9trica que atende a bomba do po\u00e7o do Bairro S\u00e3o Francisco. Os servi\u00e7os de manuten\u00e7\u00e3o ser\u00e3o realizados nesta quarta-feira, dia 18, no per\u00edodo da manh\u00e3. Em fun\u00e7\u00e3o do problema, pode faltar \u00e1gua no S\u00e3o Francisco e bairros pr\u00f3ximos. Est\u00e3o sendo realizadas manobras na rede p\u00fablica para minimizar [&hellip;]<\/p>\n","protected":false},"author":1,"featured_media":72989,"comment_status":"closed","ping_status":"open","sticky":false,"template":"","format":"standard","meta":{"footnotes":""},"categories":[179,184,110],"tags":[],"class_list":["post-72988","post","type-post","status-publish","format-standard","has-post-thumbnail","hentry","category-cidadeseregiao","category-dracena","category-noticiasdestaque"],"_links":{"self":[{"href":"https:\/\/jorgezanoni.com.br\/2019\/wp-json\/wp\/v2\/posts\/72988","targetHints":{"allow":["GET"]}}],"collection":[{"href":"https:\/\/jorgezanoni.com.br\/2019\/wp-json\/wp\/v2\/posts"}],"about":[{"href":"https:\/\/jorgezanoni.com.br\/2019\/wp-json\/wp\/v2\/types\/post"}],"author":[{"embeddable":true,"href":"https:\/\/jorgezanoni.com.br\/2019\/wp-json\/wp\/v2\/users\/1"}],"replies":[{"embeddable":true,"href":"https:\/\/jorgezanoni.com.br\/2019\/wp-json\/wp\/v2\/comments?post=72988"}],"version-history":[{"count":1,"href":"https:\/\/jorgezanoni.com.br\/2019\/wp-json\/wp\/v2\/posts\/72988\/revisions"}],"predecessor-version":[{"id":72990,"href":"https:\/\/jorgezanoni.com.br\/2019\/wp-json\/wp\/v2\/posts\/72988\/revisions\/72990"}],"wp:featuredmedia":[{"embeddable":true,"href":"https:\/\/jorgezanoni.com.br\/2019\/wp-json\/wp\/v2\/media\/72989"}],"wp:attachment":[{"href":"https:\/\/jorgezanoni.com.br\/2019\/wp-json\/wp\/v2\/media?parent=72988"}],"wp:term":[{"taxonomy":"category","embeddable":true,"href":"https:\/\/jorgezanoni.com.br\/2019\/wp-json\/wp\/v2\/categories?post=72988"},{"taxonomy":"post_tag","embeddable":true,"href":"https:\/\/jorgezanoni.com.br\/2019\/wp-json\/wp\/v2\/tags?post=72988"}],"curies":[{"name":"wp","href":"https:\/\/api.w.org\/{rel}","templated":true}]}}