{"id":72985,"date":"2023-01-17T15:12:56","date_gmt":"2023-01-17T15:12:56","guid":{"rendered":"https:\/\/jorgezanoni.com.br\/2019\/?p=72985"},"modified":"2023-01-17T15:12:56","modified_gmt":"2023-01-17T15:12:56","slug":"docente-da-unifadra-conclui-mestrado-prof-manoel-carlos-melillo-felzener","status":"publish","type":"post","link":"https:\/\/jorgezanoni.com.br\/2019\/docente-da-unifadra-conclui-mestrado-prof-manoel-carlos-melillo-felzener\/","title":{"rendered":"Docente da Unifadra conclui Mestrado &#8211; Prof. Manoel Carlos Melillo Felzener"},"content":{"rendered":"<p style=\"text-align: justify;\">O m\u00e9dico ginecologista-obstetra e mastologista, docente do curso de Medicina da Unifadra Dracena, Prof. Manoel Carlos Melillo Felzener fez sua apresenta\u00e7\u00e3o de defesa no dia 28 de outubro e concluiu o Mestrado em Ci\u00eancias da Sa\u00fade pela Unoeste de Presidente Prudente.<\/p>\n<p>Com a disserta\u00e7\u00e3o &#8220;Caracteriza\u00e7\u00e3o morfol\u00f3gica do \u00fatero de ratas adultas expostas durante o per\u00edodo perinatal a uma mistura de desreguladores end\u00f3crinos&#8221;, o docente foi orientado pelo Prof. Dr. Leonardo de Oliveira Mendes. Na banca de avalia\u00e7\u00e3o, estiveram presentes a Profa. Dra. Renata Calciolari Rossi (Unoeste) e a Profa. Dra. Patricia Villela e Silva (Instituto de Bioci\u00eancias de Botucatu \u2013 IBB\/UNESP Botucatu, SP).<\/p>\n<p>Segundo Manoel, no cotidiano, estamos constantemente expostos aos desreguladores end\u00f3crinos, os quais podem causar diversas doen\u00e7as cr\u00f4nicas. &#8220;A import\u00e2ncia do presente estudo foi verificar que a exposi\u00e7\u00e3o a uma mistura de desreguladores end\u00f3crinos, baseada na exposi\u00e7\u00e3o humana durante o per\u00edodo perinatal, promove altera\u00e7\u00f5es na histoarquitetura uterina de ratas adultas, podendo comprometer as fun\u00e7\u00f5es do \u00f3rg\u00e3o, principalmente as relacionadas aos processos reprodutivos&#8221;.<\/p>\n<p>A dire\u00e7\u00e3o executiva da Fundec, a dire\u00e7\u00e3o acad\u00eamica e a coordena\u00e7\u00e3o da Unifadra parabenizam o professor Manoel Carlos Melillo Felzener pela conquista e ressaltam a import\u00e2ncia da busca cont\u00ednua do conhecimento para seu crescimento pessoal, bem como para a Institui\u00e7\u00e3o, que passa a contar no seu corpo docente com profissionais titulados, cada vez mais qualificados e sempre atualizados, contribuindo de forma significativa para o desenvolvimento da Unifadra.<\/p>\n<p style=\"text-align: justify;\">Fonte: Depto, de Comunica\u00e7\u00e3o da Fundec<\/p>\n","protected":false},"excerpt":{"rendered":"<p>O m\u00e9dico ginecologista-obstetra e mastologista, docente do curso de Medicina da Unifadra Dracena, Prof. Manoel Carlos Melillo Felzener fez sua apresenta\u00e7\u00e3o de defesa no dia 28 de outubro e concluiu o Mestrado em Ci\u00eancias da Sa\u00fade pela Unoeste de Presidente Prudente. Com a disserta\u00e7\u00e3o &#8220;Caracteriza\u00e7\u00e3o morfol\u00f3gica do \u00fatero de ratas adultas expostas durante o per\u00edodo [&hellip;]<\/p>\n","protected":false},"author":1,"featured_media":72986,"comment_status":"closed","ping_status":"open","sticky":false,"template":"","format":"standard","meta":{"footnotes":""},"categories":[110,122],"tags":[],"class_list":["post-72985","post","type-post","status-publish","format-standard","has-post-thumbnail","hentry","category-noticiasdestaque","category-saudeeducacaoeconcurso"],"_links":{"self":[{"href":"https:\/\/jorgezanoni.com.br\/2019\/wp-json\/wp\/v2\/posts\/72985","targetHints":{"allow":["GET"]}}],"collection":[{"href":"https:\/\/jorgezanoni.com.br\/2019\/wp-json\/wp\/v2\/posts"}],"about":[{"href":"https:\/\/jorgezanoni.com.br\/2019\/wp-json\/wp\/v2\/types\/post"}],"author":[{"embeddable":true,"href":"https:\/\/jorgezanoni.com.br\/2019\/wp-json\/wp\/v2\/users\/1"}],"replies":[{"embeddable":true,"href":"https:\/\/jorgezanoni.com.br\/2019\/wp-json\/wp\/v2\/comments?post=72985"}],"version-history":[{"count":1,"href":"https:\/\/jorgezanoni.com.br\/2019\/wp-json\/wp\/v2\/posts\/72985\/revisions"}],"predecessor-version":[{"id":72987,"href":"https:\/\/jorgezanoni.com.br\/2019\/wp-json\/wp\/v2\/posts\/72985\/revisions\/72987"}],"wp:featuredmedia":[{"embeddable":true,"href":"https:\/\/jorgezanoni.com.br\/2019\/wp-json\/wp\/v2\/media\/72986"}],"wp:attachment":[{"href":"https:\/\/jorgezanoni.com.br\/2019\/wp-json\/wp\/v2\/media?parent=72985"}],"wp:term":[{"taxonomy":"category","embeddable":true,"href":"https:\/\/jorgezanoni.com.br\/2019\/wp-json\/wp\/v2\/categories?post=72985"},{"taxonomy":"post_tag","embeddable":true,"href":"https:\/\/jorgezanoni.com.br\/2019\/wp-json\/wp\/v2\/tags?post=72985"}],"curies":[{"name":"wp","href":"https:\/\/api.w.org\/{rel}","templated":true}]}}