{"id":72960,"date":"2023-01-16T22:09:20","date_gmt":"2023-01-16T22:09:20","guid":{"rendered":"https:\/\/jorgezanoni.com.br\/2019\/?p=72960"},"modified":"2023-01-16T22:09:20","modified_gmt":"2023-01-16T22:09:20","slug":"policia-civil-ministra-palestra-para-jovens-aprendizes-do-programa-qualificacao-e-aprendizagem-em-junqueiropolis","status":"publish","type":"post","link":"https:\/\/jorgezanoni.com.br\/2019\/policia-civil-ministra-palestra-para-jovens-aprendizes-do-programa-qualificacao-e-aprendizagem-em-junqueiropolis\/","title":{"rendered":"Pol\u00edcia Civil ministra palestra para jovens aprendizes do Programa Qualifica\u00e7\u00e3o e Aprendizagem em Junqueir\u00f3polis"},"content":{"rendered":"<p style=\"text-align: justify;\">A Pol\u00edcia Civil, por interm\u00e9dio da Delegacia Seccional de Pol\u00edcia de Dracena, ministrou na manh\u00e3 desta segunda-feira (16), palestra sobre preven\u00e7\u00e3o ao uso nocivo de drogas para jovens, com 19 a 23 anos de idade, participantes do Programa de Qualifica\u00e7\u00e3o e Aprendizagem &#8211; PQA, da institui\u00e7\u00e3o Centro Comunit\u00e1rio Semente da Vida, em Junqueir\u00f3polis.<br \/>\nO evento foi uma iniciativa da assistente social Jaqueline Requena Alves, institui\u00e7\u00e3o Centro Comunit\u00e1rio Semente da Vida, em parceria com a Delegacia de Pol\u00edcia de Junqueir\u00f3polis. A palestra foi ministrada pelo agente policial Reginaldo Rosa, e a abertura contou com a participa\u00e7\u00e3o do Dr Eliandro Renato dos Santos, da Delegacia de Pol\u00edcia de Junqueir\u00f3polis.<br \/>\nDurante a apresenta\u00e7\u00e3o, o agente policial Reginaldo Rosa discorreu sobre o conceito de drogas e as consequ\u00eancias do uso precoce e cr\u00f4nicos das substancias l\u00edcitas e il\u00edcitas. Explanando que cada tipo de droga possui carater\u00edstica e rea\u00e7\u00e3o diferente, mas que todas em comum, podem causar a interrup\u00e7\u00e3o de sonho, do futuro social e profissional de um indiv\u00edduo.<br \/>\nPor fim, ao final do evento, os jovens aprendizes realizaram perguntas e puderam sanar as eventuais d\u00favidas. A coordena\u00e7\u00e3o do Centro Comunit\u00e1rio Semente da Vida, externou o agradecimento a Pol\u00edcia Civil, e enalteceu o conte\u00fado ministrado, estando em enfoque com o ideal do projeto que visa o bem-estar, e a forma\u00e7\u00e3o profissional e cidad\u00e3 dos adolescentes.<\/p>\n<p><img loading=\"lazy\" decoding=\"async\" class=\"alignnone size-full wp-image-72961\" src=\"https:\/\/jorgezanoni.com.br\/2019\/wp-content\/uploads\/2023\/01\/pc.jpg\" alt=\"\" width=\"1280\" height=\"960\" srcset=\"https:\/\/jorgezanoni.com.br\/2019\/wp-content\/uploads\/2023\/01\/pc.jpg 1280w, https:\/\/jorgezanoni.com.br\/2019\/wp-content\/uploads\/2023\/01\/pc-300x225.jpg 300w, https:\/\/jorgezanoni.com.br\/2019\/wp-content\/uploads\/2023\/01\/pc-1024x768.jpg 1024w, https:\/\/jorgezanoni.com.br\/2019\/wp-content\/uploads\/2023\/01\/pc-768x576.jpg 768w, https:\/\/jorgezanoni.com.br\/2019\/wp-content\/uploads\/2023\/01\/pc-80x60.jpg 80w, https:\/\/jorgezanoni.com.br\/2019\/wp-content\/uploads\/2023\/01\/pc-265x198.jpg 265w, https:\/\/jorgezanoni.com.br\/2019\/wp-content\/uploads\/2023\/01\/pc-696x522.jpg 696w, https:\/\/jorgezanoni.com.br\/2019\/wp-content\/uploads\/2023\/01\/pc-1068x801.jpg 1068w, https:\/\/jorgezanoni.com.br\/2019\/wp-content\/uploads\/2023\/01\/pc-560x420.jpg 560w\" sizes=\"auto, (max-width: 1280px) 100vw, 1280px\" \/> <img loading=\"lazy\" decoding=\"async\" class=\"alignnone size-full wp-image-72963\" src=\"https:\/\/jorgezanoni.com.br\/2019\/wp-content\/uploads\/2023\/01\/pc2.jpg\" alt=\"\" width=\"1600\" height=\"1200\" srcset=\"https:\/\/jorgezanoni.com.br\/2019\/wp-content\/uploads\/2023\/01\/pc2.jpg 1600w, https:\/\/jorgezanoni.com.br\/2019\/wp-content\/uploads\/2023\/01\/pc2-300x225.jpg 300w, https:\/\/jorgezanoni.com.br\/2019\/wp-content\/uploads\/2023\/01\/pc2-1024x768.jpg 1024w, https:\/\/jorgezanoni.com.br\/2019\/wp-content\/uploads\/2023\/01\/pc2-768x576.jpg 768w, https:\/\/jorgezanoni.com.br\/2019\/wp-content\/uploads\/2023\/01\/pc2-1536x1152.jpg 1536w, https:\/\/jorgezanoni.com.br\/2019\/wp-content\/uploads\/2023\/01\/pc2-80x60.jpg 80w, https:\/\/jorgezanoni.com.br\/2019\/wp-content\/uploads\/2023\/01\/pc2-265x198.jpg 265w, https:\/\/jorgezanoni.com.br\/2019\/wp-content\/uploads\/2023\/01\/pc2-696x522.jpg 696w, https:\/\/jorgezanoni.com.br\/2019\/wp-content\/uploads\/2023\/01\/pc2-1068x801.jpg 1068w, https:\/\/jorgezanoni.com.br\/2019\/wp-content\/uploads\/2023\/01\/pc2-560x420.jpg 560w\" sizes=\"auto, (max-width: 1600px) 100vw, 1600px\" \/><\/p>\n<p>Fonte: Com. Social Pol\u00edcia Civil<\/p>\n","protected":false},"excerpt":{"rendered":"<p>A Pol\u00edcia Civil, por interm\u00e9dio da Delegacia Seccional de Pol\u00edcia de Dracena, ministrou na manh\u00e3 desta segunda-feira (16), palestra sobre preven\u00e7\u00e3o ao uso nocivo de drogas para jovens, com 19 a 23 anos de idade, participantes do Programa de Qualifica\u00e7\u00e3o e Aprendizagem &#8211; PQA, da institui\u00e7\u00e3o Centro Comunit\u00e1rio Semente da Vida, em Junqueir\u00f3polis. O evento [&hellip;]<\/p>\n","protected":false},"author":1,"featured_media":72964,"comment_status":"closed","ping_status":"open","sticky":false,"template":"","format":"standard","meta":{"footnotes":""},"categories":[110,2],"tags":[],"class_list":["post-72960","post","type-post","status-publish","format-standard","has-post-thumbnail","hentry","category-noticiasdestaque","category-policial"],"_links":{"self":[{"href":"https:\/\/jorgezanoni.com.br\/2019\/wp-json\/wp\/v2\/posts\/72960","targetHints":{"allow":["GET"]}}],"collection":[{"href":"https:\/\/jorgezanoni.com.br\/2019\/wp-json\/wp\/v2\/posts"}],"about":[{"href":"https:\/\/jorgezanoni.com.br\/2019\/wp-json\/wp\/v2\/types\/post"}],"author":[{"embeddable":true,"href":"https:\/\/jorgezanoni.com.br\/2019\/wp-json\/wp\/v2\/users\/1"}],"replies":[{"embeddable":true,"href":"https:\/\/jorgezanoni.com.br\/2019\/wp-json\/wp\/v2\/comments?post=72960"}],"version-history":[{"count":1,"href":"https:\/\/jorgezanoni.com.br\/2019\/wp-json\/wp\/v2\/posts\/72960\/revisions"}],"predecessor-version":[{"id":72965,"href":"https:\/\/jorgezanoni.com.br\/2019\/wp-json\/wp\/v2\/posts\/72960\/revisions\/72965"}],"wp:featuredmedia":[{"embeddable":true,"href":"https:\/\/jorgezanoni.com.br\/2019\/wp-json\/wp\/v2\/media\/72964"}],"wp:attachment":[{"href":"https:\/\/jorgezanoni.com.br\/2019\/wp-json\/wp\/v2\/media?parent=72960"}],"wp:term":[{"taxonomy":"category","embeddable":true,"href":"https:\/\/jorgezanoni.com.br\/2019\/wp-json\/wp\/v2\/categories?post=72960"},{"taxonomy":"post_tag","embeddable":true,"href":"https:\/\/jorgezanoni.com.br\/2019\/wp-json\/wp\/v2\/tags?post=72960"}],"curies":[{"name":"wp","href":"https:\/\/api.w.org\/{rel}","templated":true}]}}