{"id":7293,"date":"2019-09-26T00:37:43","date_gmt":"2019-09-26T00:37:43","guid":{"rendered":"https:\/\/jorgezanoni.com.br\/2019\/?p=7293"},"modified":"2019-09-26T00:37:43","modified_gmt":"2019-09-26T00:37:43","slug":"governo-de-sao-paulo-moradia-digna-para-a-populacao-do-oeste-paulista","status":"publish","type":"post","link":"https:\/\/jorgezanoni.com.br\/2019\/governo-de-sao-paulo-moradia-digna-para-a-populacao-do-oeste-paulista\/","title":{"rendered":"Governo de S\u00e3o Paulo: Moradia digna para a popula\u00e7\u00e3o do Oeste Paulista"},"content":{"rendered":"<p style=\"text-align: justify;\">Na tarde desta quarta-feira, o governador Jo\u00e3o Doria anunciou o Programa Nossa Casa, programa da Secretaria Estadual da Habita\u00e7\u00e3o que construir\u00e1, na nossa regi\u00e3o, mais de 1.600 unidades habitacionais em 18 munic\u00edpios. O meu chefe de gabinete, S\u00edlvio de Albuquerque, e meu assessor Adriano Roberto Lopes, levaram o meu abra\u00e7o aos prefeitos e lideran\u00e7as que estiveram presentes no Pal\u00e1cio dos Bandeirantes e parabenizaram, em meu nome, o governador Doria e o secret\u00e1rio Fl\u00e1vio Amary.<\/p>\n<p style=\"text-align: justify;\">Os munic\u00edpios contemplados foram:<\/p>\n<blockquote>\n<p style=\"text-align: justify;\">&gt; Anhumas<br \/>\n&gt;&gt; Campos Novos Paulista<br \/>\n&gt;&gt; Canitar<br \/>\n&gt;&gt; Castilho<br \/>\n&gt;&gt; Cruz\u00e1lia<br \/>\n&gt;&gt; Hercul\u00e2ndia<br \/>\n&gt;&gt; Iacri<br \/>\n&gt;&gt; Maraca\u00ed<br \/>\n&gt;&gt; Pacaembu<br \/>\n&gt;&gt; Palmital<br \/>\n&gt;&gt; Paulic\u00e9ia<br \/>\n&gt;&gt; Presidente Prudente<br \/>\n&gt;&gt; Presidente Venceslau<br \/>\n&gt;&gt; Queiroz<br \/>\n&gt;&gt; Quintana<br \/>\n&gt;&gt; Rosana<br \/>\n&gt;&gt; Sagres<br \/>\n&gt;&gt; Sandovalina<\/p>\n<\/blockquote>\n<p><img loading=\"lazy\" decoding=\"async\" class=\"alignnone size-full wp-image-7294\" src=\"https:\/\/jorgezanoni.com.br\/2019\/wp-content\/uploads\/2019\/09\/doria1.jpg\" alt=\"\" width=\"720\" height=\"1280\" srcset=\"https:\/\/jorgezanoni.com.br\/2019\/wp-content\/uploads\/2019\/09\/doria1.jpg 720w, https:\/\/jorgezanoni.com.br\/2019\/wp-content\/uploads\/2019\/09\/doria1-169x300.jpg 169w, https:\/\/jorgezanoni.com.br\/2019\/wp-content\/uploads\/2019\/09\/doria1-576x1024.jpg 576w, https:\/\/jorgezanoni.com.br\/2019\/wp-content\/uploads\/2019\/09\/doria1-696x1237.jpg 696w, https:\/\/jorgezanoni.com.br\/2019\/wp-content\/uploads\/2019\/09\/doria1-236x420.jpg 236w\" sizes=\"auto, (max-width: 720px) 100vw, 720px\" \/><img loading=\"lazy\" decoding=\"async\" class=\"alignnone size-full wp-image-7296\" src=\"https:\/\/jorgezanoni.com.br\/2019\/wp-content\/uploads\/2019\/09\/doria3.jpg\" alt=\"\" width=\"1280\" height=\"720\" srcset=\"https:\/\/jorgezanoni.com.br\/2019\/wp-content\/uploads\/2019\/09\/doria3.jpg 1280w, https:\/\/jorgezanoni.com.br\/2019\/wp-content\/uploads\/2019\/09\/doria3-300x169.jpg 300w, https:\/\/jorgezanoni.com.br\/2019\/wp-content\/uploads\/2019\/09\/doria3-768x432.jpg 768w, https:\/\/jorgezanoni.com.br\/2019\/wp-content\/uploads\/2019\/09\/doria3-1024x576.jpg 1024w, https:\/\/jorgezanoni.com.br\/2019\/wp-content\/uploads\/2019\/09\/doria3-696x392.jpg 696w, https:\/\/jorgezanoni.com.br\/2019\/wp-content\/uploads\/2019\/09\/doria3-1068x601.jpg 1068w, https:\/\/jorgezanoni.com.br\/2019\/wp-content\/uploads\/2019\/09\/doria3-747x420.jpg 747w\" sizes=\"auto, (max-width: 1280px) 100vw, 1280px\" \/><\/p>\n<p>Fonte: Assessoria de Imprensa<\/p>\n","protected":false},"excerpt":{"rendered":"<p>Na tarde desta quarta-feira, o governador Jo\u00e3o Doria anunciou o Programa Nossa Casa, programa da Secretaria Estadual da Habita\u00e7\u00e3o que construir\u00e1, na nossa regi\u00e3o, mais de 1.600 unidades habitacionais em 18 munic\u00edpios. O meu chefe de gabinete, S\u00edlvio de Albuquerque, e meu assessor Adriano Roberto Lopes, levaram o meu abra\u00e7o aos prefeitos e lideran\u00e7as que [&hellip;]<\/p>\n","protected":false},"author":1,"featured_media":7297,"comment_status":"closed","ping_status":"open","sticky":false,"template":"","format":"standard","meta":{"footnotes":""},"categories":[116],"tags":[],"class_list":["post-7293","post","type-post","status-publish","format-standard","has-post-thumbnail","hentry","category-politicaeeconomia"],"_links":{"self":[{"href":"https:\/\/jorgezanoni.com.br\/2019\/wp-json\/wp\/v2\/posts\/7293","targetHints":{"allow":["GET"]}}],"collection":[{"href":"https:\/\/jorgezanoni.com.br\/2019\/wp-json\/wp\/v2\/posts"}],"about":[{"href":"https:\/\/jorgezanoni.com.br\/2019\/wp-json\/wp\/v2\/types\/post"}],"author":[{"embeddable":true,"href":"https:\/\/jorgezanoni.com.br\/2019\/wp-json\/wp\/v2\/users\/1"}],"replies":[{"embeddable":true,"href":"https:\/\/jorgezanoni.com.br\/2019\/wp-json\/wp\/v2\/comments?post=7293"}],"version-history":[{"count":0,"href":"https:\/\/jorgezanoni.com.br\/2019\/wp-json\/wp\/v2\/posts\/7293\/revisions"}],"wp:featuredmedia":[{"embeddable":true,"href":"https:\/\/jorgezanoni.com.br\/2019\/wp-json\/wp\/v2\/media\/7297"}],"wp:attachment":[{"href":"https:\/\/jorgezanoni.com.br\/2019\/wp-json\/wp\/v2\/media?parent=7293"}],"wp:term":[{"taxonomy":"category","embeddable":true,"href":"https:\/\/jorgezanoni.com.br\/2019\/wp-json\/wp\/v2\/categories?post=7293"},{"taxonomy":"post_tag","embeddable":true,"href":"https:\/\/jorgezanoni.com.br\/2019\/wp-json\/wp\/v2\/tags?post=7293"}],"curies":[{"name":"wp","href":"https:\/\/api.w.org\/{rel}","templated":true}]}}