{"id":72869,"date":"2023-01-12T21:42:59","date_gmt":"2023-01-12T21:42:59","guid":{"rendered":"https:\/\/jorgezanoni.com.br\/2019\/?p=72869"},"modified":"2023-01-12T21:42:59","modified_gmt":"2023-01-12T21:42:59","slug":"o-que-e-medo-por-cidinha-pascoaloto","status":"publish","type":"post","link":"https:\/\/jorgezanoni.com.br\/2019\/o-que-e-medo-por-cidinha-pascoaloto\/","title":{"rendered":"O que \u00e9 Medo?  (por Cidinha Pascoaloto)"},"content":{"rendered":"<p style=\"text-align: justify;\">O medo \u00e9 uma das emo\u00e7\u00f5es primarias e est\u00e1 presente em nossa vida diariamente. Ele \u00e9 um estado emocional e afetivo que sempre aparece em situa\u00e7\u00f5es de amea\u00e7as inesperadas ou n\u00e3o, ele pode nos impedir de realizar muitos objetivos.<\/p>\n<p style=\"text-align: justify;\">\u00a0O medo \u00e9 um estado de alerta e de grande import\u00e2ncia para nossa sobreviv\u00eancia. Quando a pessoa n\u00e3o tem medo se exp\u00f5e a situa\u00e7\u00f5es perigosas e com grande consequ\u00eancia tr\u00e1gicas na sua vida. O medo faz parte da constru\u00e7\u00e3o do car\u00e1ter de uma organiza\u00e7\u00e3o social ou de uma pessoa.<\/p>\n<p style=\"text-align: justify;\">Sempre que uma pessoa fica ansiosa e insegura por alguma situa\u00e7\u00e3o o medo aparece e nem sempre ele \u00e9 percebido ele \u00e9 uma resposta natural do nosso organismo e serve para nossa sobreviv\u00eancia. Mas muitas vezes o medo se manifesta por pensamentos negativos onde a pessoa imagina situa\u00e7\u00f5es de perigo ou algo desagrad\u00e1vel ou por pensamentos irreais.<\/p>\n<p style=\"text-align: justify;\">Quando esses pensamentos ruins acontecem o nosso c\u00e9rebro ativa est\u00edmulos qu\u00edmicos que facilitam o aumento da frequ\u00eancia card\u00edaca, acelera\u00e7\u00e3o da respira\u00e7\u00e3o e contra\u00e7\u00f5es musculares esses est\u00edmulos desencadeiam a emo\u00e7\u00e3o do medo.<\/p>\n<p style=\"text-align: justify;\">\u00a0Quando o medo ganha grandes propor\u00e7\u00f5es a ponto de atrapalhar o dia a dia da pessoa nos relacionamentos sociais, psicol\u00f3gicos e f\u00edsico a pessoa pode ter uma fobia. Muitas vezes enfrentamos situa\u00e7\u00f5es de medo pela forma em que lidamos com os acontecimentos a nossa volta.<\/p>\n<p style=\"text-align: justify;\">No decorrer da nossa exist\u00eancia teremos que superar diversas situa\u00e7\u00f5es que envolve o medo, o medo de n\u00e3o ser aceito, medo de perder algu\u00e9m querido, medo de compromissos e de fracassar e n\u00e3o conseguir realizar algumas tarefas simples. Alguns medos s\u00e3o positivos como o medo de ser punido, esse medo faz com que a pessoa pense bem antes de agir.<\/p>\n<p style=\"text-align: justify;\">\u00a0Como o medo faz parte do processo do crescimento da vida ele vem acompanhado de outras emo\u00e7\u00f5es. Uma forma de superar o medo \u00e9 fazer o enfrentamento com coragem.<\/p>\n<p><img loading=\"lazy\" decoding=\"async\" class=\"alignnone size-full wp-image-72870\" src=\"https:\/\/jorgezanoni.com.br\/2019\/wp-content\/uploads\/2023\/01\/Cidinha-Pascoaloto-1.jpg\" alt=\"\" width=\"500\" height=\"755\" srcset=\"https:\/\/jorgezanoni.com.br\/2019\/wp-content\/uploads\/2023\/01\/Cidinha-Pascoaloto-1.jpg 500w, https:\/\/jorgezanoni.com.br\/2019\/wp-content\/uploads\/2023\/01\/Cidinha-Pascoaloto-1-199x300.jpg 199w, https:\/\/jorgezanoni.com.br\/2019\/wp-content\/uploads\/2023\/01\/Cidinha-Pascoaloto-1-278x420.jpg 278w\" sizes=\"auto, (max-width: 500px) 100vw, 500px\" \/><\/p>\n<p style=\"text-align: justify;\">\u00a0Cidinha Pascoaloto-Psic\u00f3loga -CRP 06\/158174 Terapia Cognitivo Comportamental pessoas enlutadas, depress\u00e3o e ansiedade (TCC)Atendimento online, contato: +55(18) 99725-6418<\/p>\n<p style=\"text-align: justify;\">\n","protected":false},"excerpt":{"rendered":"<p>O medo \u00e9 uma das emo\u00e7\u00f5es primarias e est\u00e1 presente em nossa vida diariamente. Ele \u00e9 um estado emocional e afetivo que sempre aparece em situa\u00e7\u00f5es de amea\u00e7as inesperadas ou n\u00e3o, ele pode nos impedir de realizar muitos objetivos. \u00a0O medo \u00e9 um estado de alerta e de grande import\u00e2ncia para nossa sobreviv\u00eancia. Quando a [&hellip;]<\/p>\n","protected":false},"author":1,"featured_media":72871,"comment_status":"closed","ping_status":"open","sticky":false,"template":"","format":"standard","meta":{"footnotes":""},"categories":[175],"tags":[],"class_list":["post-72869","post","type-post","status-publish","format-standard","has-post-thumbnail","hentry","category-artigos"],"_links":{"self":[{"href":"https:\/\/jorgezanoni.com.br\/2019\/wp-json\/wp\/v2\/posts\/72869","targetHints":{"allow":["GET"]}}],"collection":[{"href":"https:\/\/jorgezanoni.com.br\/2019\/wp-json\/wp\/v2\/posts"}],"about":[{"href":"https:\/\/jorgezanoni.com.br\/2019\/wp-json\/wp\/v2\/types\/post"}],"author":[{"embeddable":true,"href":"https:\/\/jorgezanoni.com.br\/2019\/wp-json\/wp\/v2\/users\/1"}],"replies":[{"embeddable":true,"href":"https:\/\/jorgezanoni.com.br\/2019\/wp-json\/wp\/v2\/comments?post=72869"}],"version-history":[{"count":1,"href":"https:\/\/jorgezanoni.com.br\/2019\/wp-json\/wp\/v2\/posts\/72869\/revisions"}],"predecessor-version":[{"id":72872,"href":"https:\/\/jorgezanoni.com.br\/2019\/wp-json\/wp\/v2\/posts\/72869\/revisions\/72872"}],"wp:featuredmedia":[{"embeddable":true,"href":"https:\/\/jorgezanoni.com.br\/2019\/wp-json\/wp\/v2\/media\/72871"}],"wp:attachment":[{"href":"https:\/\/jorgezanoni.com.br\/2019\/wp-json\/wp\/v2\/media?parent=72869"}],"wp:term":[{"taxonomy":"category","embeddable":true,"href":"https:\/\/jorgezanoni.com.br\/2019\/wp-json\/wp\/v2\/categories?post=72869"},{"taxonomy":"post_tag","embeddable":true,"href":"https:\/\/jorgezanoni.com.br\/2019\/wp-json\/wp\/v2\/tags?post=72869"}],"curies":[{"name":"wp","href":"https:\/\/api.w.org\/{rel}","templated":true}]}}