{"id":72836,"date":"2023-01-11T17:23:26","date_gmt":"2023-01-11T17:23:26","guid":{"rendered":"https:\/\/jorgezanoni.com.br\/2019\/?p=72836"},"modified":"2023-01-11T17:23:26","modified_gmt":"2023-01-11T17:23:26","slug":"pela-primeira-vez-na-historia-ace-de-dracena-elege-mulher-para-presidencia","status":"publish","type":"post","link":"https:\/\/jorgezanoni.com.br\/2019\/pela-primeira-vez-na-historia-ace-de-dracena-elege-mulher-para-presidencia\/","title":{"rendered":"Pela primeira vez na hist\u00f3ria ACE de Dracena elege mulher para presid\u00eancia"},"content":{"rendered":"<p style=\"text-align: justify;\">Durante o per\u00edodo das 14 \u00e0s 17 H. de ontem (10), aconteceu na sede da ACE (Associa\u00e7\u00e3o Comercial e Empresarial de Dracena, na Avenida Rui Barbosa, a elei\u00e7\u00e3o para a nova diretoria bi\u00eanio 2023\/24.<\/p>\n<p style=\"text-align: justify;\">A comerciante do ramo de \u00f3tica e presentes NelI Maria Vieira Kato, foi eleita com votos de 48 associados que foram un\u00e2nimes em referendar seu nome.<\/p>\n<p style=\"text-align: justify;\">Neli \u00e9 a primeira mulher a presidir a ACE desde a sua funda\u00e7\u00e3o, ela vai substituir Luciano Gerlin.<\/p>\n<p style=\"text-align: justify;\">O Site JZ e TOP TV marcaram presen\u00e7a no evento.<\/p>\n<p><img loading=\"lazy\" decoding=\"async\" class=\"alignnone size-full wp-image-72838\" src=\"https:\/\/jorgezanoni.com.br\/2019\/wp-content\/uploads\/2023\/01\/ace-2.jpg\" alt=\"\" width=\"1600\" height=\"739\" srcset=\"https:\/\/jorgezanoni.com.br\/2019\/wp-content\/uploads\/2023\/01\/ace-2.jpg 1600w, https:\/\/jorgezanoni.com.br\/2019\/wp-content\/uploads\/2023\/01\/ace-2-300x139.jpg 300w, https:\/\/jorgezanoni.com.br\/2019\/wp-content\/uploads\/2023\/01\/ace-2-1024x473.jpg 1024w, https:\/\/jorgezanoni.com.br\/2019\/wp-content\/uploads\/2023\/01\/ace-2-768x355.jpg 768w, https:\/\/jorgezanoni.com.br\/2019\/wp-content\/uploads\/2023\/01\/ace-2-1536x709.jpg 1536w, https:\/\/jorgezanoni.com.br\/2019\/wp-content\/uploads\/2023\/01\/ace-2-696x321.jpg 696w, https:\/\/jorgezanoni.com.br\/2019\/wp-content\/uploads\/2023\/01\/ace-2-1068x493.jpg 1068w, https:\/\/jorgezanoni.com.br\/2019\/wp-content\/uploads\/2023\/01\/ace-2-909x420.jpg 909w\" sizes=\"auto, (max-width: 1600px) 100vw, 1600px\" \/> <img loading=\"lazy\" decoding=\"async\" class=\"alignnone size-full wp-image-72839\" src=\"https:\/\/jorgezanoni.com.br\/2019\/wp-content\/uploads\/2023\/01\/ace-4-2.jpg\" alt=\"\" width=\"733\" height=\"1396\" srcset=\"https:\/\/jorgezanoni.com.br\/2019\/wp-content\/uploads\/2023\/01\/ace-4-2.jpg 733w, https:\/\/jorgezanoni.com.br\/2019\/wp-content\/uploads\/2023\/01\/ace-4-2-158x300.jpg 158w, https:\/\/jorgezanoni.com.br\/2019\/wp-content\/uploads\/2023\/01\/ace-4-2-538x1024.jpg 538w, https:\/\/jorgezanoni.com.br\/2019\/wp-content\/uploads\/2023\/01\/ace-4-2-696x1326.jpg 696w, https:\/\/jorgezanoni.com.br\/2019\/wp-content\/uploads\/2023\/01\/ace-4-2-221x420.jpg 221w\" sizes=\"auto, (max-width: 733px) 100vw, 733px\" \/> <img loading=\"lazy\" decoding=\"async\" class=\"alignnone size-full wp-image-72840\" src=\"https:\/\/jorgezanoni.com.br\/2019\/wp-content\/uploads\/2023\/01\/ace-5-2.jpg\" alt=\"\" width=\"1467\" height=\"736\" srcset=\"https:\/\/jorgezanoni.com.br\/2019\/wp-content\/uploads\/2023\/01\/ace-5-2.jpg 1467w, https:\/\/jorgezanoni.com.br\/2019\/wp-content\/uploads\/2023\/01\/ace-5-2-300x151.jpg 300w, https:\/\/jorgezanoni.com.br\/2019\/wp-content\/uploads\/2023\/01\/ace-5-2-1024x514.jpg 1024w, https:\/\/jorgezanoni.com.br\/2019\/wp-content\/uploads\/2023\/01\/ace-5-2-768x385.jpg 768w, https:\/\/jorgezanoni.com.br\/2019\/wp-content\/uploads\/2023\/01\/ace-5-2-696x349.jpg 696w, https:\/\/jorgezanoni.com.br\/2019\/wp-content\/uploads\/2023\/01\/ace-5-2-1068x536.jpg 1068w, https:\/\/jorgezanoni.com.br\/2019\/wp-content\/uploads\/2023\/01\/ace-5-2-837x420.jpg 837w\" sizes=\"auto, (max-width: 1467px) 100vw, 1467px\" \/><\/p>\n<p>Jorge Zanoni<\/p>\n<p>&nbsp;<\/p>\n","protected":false},"excerpt":{"rendered":"<p>Durante o per\u00edodo das 14 \u00e0s 17 H. de ontem (10), aconteceu na sede da ACE (Associa\u00e7\u00e3o Comercial e Empresarial de Dracena, na Avenida Rui Barbosa, a elei\u00e7\u00e3o para a nova diretoria bi\u00eanio 2023\/24. A comerciante do ramo de \u00f3tica e presentes NelI Maria Vieira Kato, foi eleita com votos de 48 associados que foram [&hellip;]<\/p>\n","protected":false},"author":1,"featured_media":72837,"comment_status":"closed","ping_status":"open","sticky":false,"template":"","format":"standard","meta":{"footnotes":""},"categories":[179,184,114,110],"tags":[],"class_list":["post-72836","post","type-post","status-publish","format-standard","has-post-thumbnail","hentry","category-cidadeseregiao","category-dracena","category-geralecomercio","category-noticiasdestaque"],"_links":{"self":[{"href":"https:\/\/jorgezanoni.com.br\/2019\/wp-json\/wp\/v2\/posts\/72836","targetHints":{"allow":["GET"]}}],"collection":[{"href":"https:\/\/jorgezanoni.com.br\/2019\/wp-json\/wp\/v2\/posts"}],"about":[{"href":"https:\/\/jorgezanoni.com.br\/2019\/wp-json\/wp\/v2\/types\/post"}],"author":[{"embeddable":true,"href":"https:\/\/jorgezanoni.com.br\/2019\/wp-json\/wp\/v2\/users\/1"}],"replies":[{"embeddable":true,"href":"https:\/\/jorgezanoni.com.br\/2019\/wp-json\/wp\/v2\/comments?post=72836"}],"version-history":[{"count":1,"href":"https:\/\/jorgezanoni.com.br\/2019\/wp-json\/wp\/v2\/posts\/72836\/revisions"}],"predecessor-version":[{"id":72842,"href":"https:\/\/jorgezanoni.com.br\/2019\/wp-json\/wp\/v2\/posts\/72836\/revisions\/72842"}],"wp:featuredmedia":[{"embeddable":true,"href":"https:\/\/jorgezanoni.com.br\/2019\/wp-json\/wp\/v2\/media\/72837"}],"wp:attachment":[{"href":"https:\/\/jorgezanoni.com.br\/2019\/wp-json\/wp\/v2\/media?parent=72836"}],"wp:term":[{"taxonomy":"category","embeddable":true,"href":"https:\/\/jorgezanoni.com.br\/2019\/wp-json\/wp\/v2\/categories?post=72836"},{"taxonomy":"post_tag","embeddable":true,"href":"https:\/\/jorgezanoni.com.br\/2019\/wp-json\/wp\/v2\/tags?post=72836"}],"curies":[{"name":"wp","href":"https:\/\/api.w.org\/{rel}","templated":true}]}}