{"id":72828,"date":"2023-01-11T15:43:37","date_gmt":"2023-01-11T15:43:37","guid":{"rendered":"https:\/\/jorgezanoni.com.br\/2019\/?p=72828"},"modified":"2023-01-11T15:43:37","modified_gmt":"2023-01-11T15:43:37","slug":"fundec-prorroga-inscricoes-do-processo-seletivo-para-estagiarios","status":"publish","type":"post","link":"https:\/\/jorgezanoni.com.br\/2019\/fundec-prorroga-inscricoes-do-processo-seletivo-para-estagiarios\/","title":{"rendered":"Fundec prorroga inscri\u00e7\u00f5es do processo seletivo para estagi\u00e1rios"},"content":{"rendered":"<div style=\"text-align: justify;\"><span style=\"font-size: large;\">A Funda\u00e7\u00e3o Dracenense de Educa\u00e7\u00e3o e Cultura (Fundec)\u00a0<b>prorrogou at\u00e9 16\/01<\/b>\u00a0as inscri\u00e7\u00f5es para as vagas de est\u00e1gio do Processo Seletivo 06\/2022. O edital est\u00e1 dispon\u00edvel no link\u00a0<a href=\"https:\/\/fundec.edu.br\/editais\" target=\"_blank\" rel=\"noopener noreferrer\">https:\/\/fundec.edu.br\/editais<\/a>\u00a0e os interessados devem acessar o bot\u00e3o &#8220;Portal de Inscri\u00e7\u00f5es&#8221; para se candidatar \u00e0s vagas.<\/p>\n<p>Os estudantes dos cursos superiores de Educa\u00e7\u00e3o F\u00edsica, Pedagogia e Ci\u00eancias da Computa\u00e7\u00e3o ou Tecnologia em An\u00e1lise e Desenvolvimento de Sistemas ou na \u00e1rea de Tecnologia podem participar deste processo.<\/p>\n<p>O resultado da an\u00e1lise de documentos ser\u00e1 divulgado no dia 19\/01. Os candidatos classificados ser\u00e3o convocados para a entrevista.<\/span><\/div>\n<div style=\"text-align: justify;\"><\/div>\n<div style=\"text-align: justify;\">Fonte: Depto. de Comunica\u00e7\u00e3o da Fundec<\/div>\n","protected":false},"excerpt":{"rendered":"<p>A Funda\u00e7\u00e3o Dracenense de Educa\u00e7\u00e3o e Cultura (Fundec)\u00a0prorrogou at\u00e9 16\/01\u00a0as inscri\u00e7\u00f5es para as vagas de est\u00e1gio do Processo Seletivo 06\/2022. O edital est\u00e1 dispon\u00edvel no link\u00a0https:\/\/fundec.edu.br\/editais\u00a0e os interessados devem acessar o bot\u00e3o &#8220;Portal de Inscri\u00e7\u00f5es&#8221; para se candidatar \u00e0s vagas. Os estudantes dos cursos superiores de Educa\u00e7\u00e3o F\u00edsica, Pedagogia e Ci\u00eancias da Computa\u00e7\u00e3o ou Tecnologia [&hellip;]<\/p>\n","protected":false},"author":1,"featured_media":72829,"comment_status":"closed","ping_status":"open","sticky":false,"template":"","format":"standard","meta":{"footnotes":""},"categories":[110,122],"tags":[],"class_list":["post-72828","post","type-post","status-publish","format-standard","has-post-thumbnail","hentry","category-noticiasdestaque","category-saudeeducacaoeconcurso"],"_links":{"self":[{"href":"https:\/\/jorgezanoni.com.br\/2019\/wp-json\/wp\/v2\/posts\/72828","targetHints":{"allow":["GET"]}}],"collection":[{"href":"https:\/\/jorgezanoni.com.br\/2019\/wp-json\/wp\/v2\/posts"}],"about":[{"href":"https:\/\/jorgezanoni.com.br\/2019\/wp-json\/wp\/v2\/types\/post"}],"author":[{"embeddable":true,"href":"https:\/\/jorgezanoni.com.br\/2019\/wp-json\/wp\/v2\/users\/1"}],"replies":[{"embeddable":true,"href":"https:\/\/jorgezanoni.com.br\/2019\/wp-json\/wp\/v2\/comments?post=72828"}],"version-history":[{"count":1,"href":"https:\/\/jorgezanoni.com.br\/2019\/wp-json\/wp\/v2\/posts\/72828\/revisions"}],"predecessor-version":[{"id":72830,"href":"https:\/\/jorgezanoni.com.br\/2019\/wp-json\/wp\/v2\/posts\/72828\/revisions\/72830"}],"wp:featuredmedia":[{"embeddable":true,"href":"https:\/\/jorgezanoni.com.br\/2019\/wp-json\/wp\/v2\/media\/72829"}],"wp:attachment":[{"href":"https:\/\/jorgezanoni.com.br\/2019\/wp-json\/wp\/v2\/media?parent=72828"}],"wp:term":[{"taxonomy":"category","embeddable":true,"href":"https:\/\/jorgezanoni.com.br\/2019\/wp-json\/wp\/v2\/categories?post=72828"},{"taxonomy":"post_tag","embeddable":true,"href":"https:\/\/jorgezanoni.com.br\/2019\/wp-json\/wp\/v2\/tags?post=72828"}],"curies":[{"name":"wp","href":"https:\/\/api.w.org\/{rel}","templated":true}]}}