{"id":72821,"date":"2023-01-11T01:27:48","date_gmt":"2023-01-11T01:27:48","guid":{"rendered":"https:\/\/jorgezanoni.com.br\/2019\/?p=72821"},"modified":"2023-01-11T01:27:48","modified_gmt":"2023-01-11T01:27:48","slug":"terroristas-tupiniquins-no-planalto-central-por-sergio-barbosa","status":"publish","type":"post","link":"https:\/\/jorgezanoni.com.br\/2019\/terroristas-tupiniquins-no-planalto-central-por-sergio-barbosa\/","title":{"rendered":"Terroristas \u201ctupiniquins\u201d no Planalto Central&#8230; (por S\u00e9rgio Barbosa)"},"content":{"rendered":"<p style=\"text-align: justify;\"><strong>Terroristas \u201ctupiniquins\u201d no Planalto Central&#8230;<\/strong><\/p>\n<p style=\"text-align: justify;\"><strong><em>\u201cBichos, saiam dos lixos \/ Baratas me deixem ver suas patas \/ Ratos entrem nos sapatos \/ <\/em><\/strong><strong><em><br \/>\nDo cidad\u00e3o civilizado\u201d (Tit\u00e3s)<\/em><\/strong><\/p>\n<p style=\"text-align: justify;\"><strong>S\u00e9rgio Barbosa (*)<\/strong><\/p>\n<p style=\"text-align: justify;\">No domingo passado, ocorreram no PLANALTO CENTRAL deste PA\u00cdS, ainda, a partir deste NOVO GOVERNO, ficou para tr\u00e1s aquela proposta do FAZ DE CONTA, assim, que venha este NOVO TEMPO NOVO TEMPO&#8230;<\/p>\n<p style=\"text-align: justify;\">Voltando aos ATOS TERRORISTAS que marcaram presen\u00e7a na capital federal, ainda, refor\u00e7ando sempre para os\/as PATRIOT\u00c1RIOS\/AS que PERDERAM MAIS UMA VEZ e ponto quase final&#8230;<\/p>\n<p style=\"text-align: justify;\">Para essa cambada de ALOPRADOS\/AS que se colocam acima de tudo e de todos, a JUSTI\u00c7A E A FORCA pra cima do BOZZONARO com seus COISOS com coisas&#8230;<\/p>\n<p style=\"text-align: justify;\">Entretanto, TODO CUIDADO \u00c9 POUCO daqui pra frente com tais DESENCONTROS patrocinados pelas DESINFORMA\u00c7\u00d5ES medidas pelos FAKE NEWS&#8230;<\/p>\n<p style=\"text-align: justify;\">Mas, o STF e outras inst\u00e2ncias nas \u00e1reas do LEGISLATIVO e EXECUTIVO, est\u00e3o e continuam em ESTADO DE ALERTA contra os\/as TERRORISTAS&#8230;<\/p>\n<p style=\"text-align: justify;\">O lament\u00e1vel nestes DESENCOTROS que est\u00e3o ocorrendo desde o resultado das URNAS ELETR\u00d4NICAS (sic), ou seja, o maior respons\u00e1vel encontra-se na terra do TIO SAM, todavia, sua QUADRILHA permaneceu deste e do outro lado&#8230;<\/p>\n<p style=\"text-align: justify;\">Deve-se, tamb\u00e9m, sempre destacar que desde o GOLPE de 2.016 com o apoio do PIG- Partido da Imprensa Golpista, al\u00e9m do VAMPIRO no comando, depois, 2.018 com a elei\u00e7\u00e3o DEMOCR\u00c1TICA do BOZZONARO com os quatro anos de DESGOVERNO, torna-se necess\u00e1rio registrar que TODO CUIDADO \u00c9 POUCO com os\/as PATRIOT\u00c1RIOS\/AS&#8230;<\/p>\n<p style=\"text-align: justify;\">Os tais PROTESTOS em nome disto ou daquilo, isso \u00e9, todos GOLPISTAS e contr\u00e1rios ao PROCESSO DEMOCR\u00c1TICO vigente, por ora, est\u00e3o PARALISADOS por for\u00e7a da JUSTI\u00c7A, haja vista que a mesma TARDA, MAS N\u00c3O FALHA&#8230;<\/p>\n<p style=\"text-align: justify;\">As denominadas MENTES MED\u00cdOCRES que continuam atuando nos quatro cantos deste PA\u00cdS e no exterior por meio daqueles\/as que acreditam estar acima da LEI E DA ORDEM institucionalizada, devem sair do CEN\u00c1RIO de um jeito ou de outro, tendo em vista que PERDERAM MAN\u00c9S&#8230;<\/p>\n<p style=\"text-align: justify;\">Tal qual aquela letra\/m\u00fasica dos TIT\u00c3S, a saber: \u201cBaby Doc, Papa Doc \/ Mengele, Doca Street, Rockfeller \/ Afan\u00e1sio, Dulc\u00eddio Wanderley Boschillia \/ Pinochet, Gil Gomes, Reverendo Moon, Jim Jones\u201d (in NOME AOS BOIS)!<\/p>\n<p style=\"text-align: justify;\">O TEMPO, como disse o poeta, \u00c9 O SENHOR DA RAZ\u00c3O, portanto, NADA COMO UM DIA DEPOIS DO OUTRO, por\u00e9m, esses\/as TERRORISTAS que estiveram no PLANALTO CENTRAL naquele tr\u00e1gico DOMINGO, est\u00e3o mais do que COMPLICADOS e devem aparecer nas REDES SOCIAIS com o famoso PROCURA-SE&#8230;<\/p>\n<p style=\"text-align: justify;\">Ainda, SEM ANISTIA PARA OS\/AS TERRORISTAS!<\/p>\n<p style=\"text-align: justify;\"><strong>____________________________<\/strong><\/p>\n<p style=\"text-align: justify;\"><strong>(*) jornalista diplomado.<\/strong><\/p>\n<p style=\"text-align: justify;\"><strong>e-mail: barbosa.sebar@gmal.com<\/strong><\/p>\n","protected":false},"excerpt":{"rendered":"<p>Terroristas \u201ctupiniquins\u201d no Planalto Central&#8230; \u201cBichos, saiam dos lixos \/ Baratas me deixem ver suas patas \/ Ratos entrem nos sapatos \/ Do cidad\u00e3o civilizado\u201d (Tit\u00e3s) S\u00e9rgio Barbosa (*) No domingo passado, ocorreram no PLANALTO CENTRAL deste PA\u00cdS, ainda, a partir deste NOVO GOVERNO, ficou para tr\u00e1s aquela proposta do FAZ DE CONTA, assim, que [&hellip;]<\/p>\n","protected":false},"author":1,"featured_media":72822,"comment_status":"closed","ping_status":"open","sticky":false,"template":"","format":"standard","meta":{"footnotes":""},"categories":[175],"tags":[],"class_list":["post-72821","post","type-post","status-publish","format-standard","has-post-thumbnail","hentry","category-artigos"],"_links":{"self":[{"href":"https:\/\/jorgezanoni.com.br\/2019\/wp-json\/wp\/v2\/posts\/72821","targetHints":{"allow":["GET"]}}],"collection":[{"href":"https:\/\/jorgezanoni.com.br\/2019\/wp-json\/wp\/v2\/posts"}],"about":[{"href":"https:\/\/jorgezanoni.com.br\/2019\/wp-json\/wp\/v2\/types\/post"}],"author":[{"embeddable":true,"href":"https:\/\/jorgezanoni.com.br\/2019\/wp-json\/wp\/v2\/users\/1"}],"replies":[{"embeddable":true,"href":"https:\/\/jorgezanoni.com.br\/2019\/wp-json\/wp\/v2\/comments?post=72821"}],"version-history":[{"count":1,"href":"https:\/\/jorgezanoni.com.br\/2019\/wp-json\/wp\/v2\/posts\/72821\/revisions"}],"predecessor-version":[{"id":72823,"href":"https:\/\/jorgezanoni.com.br\/2019\/wp-json\/wp\/v2\/posts\/72821\/revisions\/72823"}],"wp:featuredmedia":[{"embeddable":true,"href":"https:\/\/jorgezanoni.com.br\/2019\/wp-json\/wp\/v2\/media\/72822"}],"wp:attachment":[{"href":"https:\/\/jorgezanoni.com.br\/2019\/wp-json\/wp\/v2\/media?parent=72821"}],"wp:term":[{"taxonomy":"category","embeddable":true,"href":"https:\/\/jorgezanoni.com.br\/2019\/wp-json\/wp\/v2\/categories?post=72821"},{"taxonomy":"post_tag","embeddable":true,"href":"https:\/\/jorgezanoni.com.br\/2019\/wp-json\/wp\/v2\/tags?post=72821"}],"curies":[{"name":"wp","href":"https:\/\/api.w.org\/{rel}","templated":true}]}}