{"id":72793,"date":"2023-01-09T23:02:14","date_gmt":"2023-01-09T23:02:14","guid":{"rendered":"https:\/\/jorgezanoni.com.br\/2019\/?p=72793"},"modified":"2023-01-09T23:02:14","modified_gmt":"2023-01-09T23:02:14","slug":"emdaep-avisa-sobre-paralisacao-temporaria-de-poco-perto-da-santa-casa","status":"publish","type":"post","link":"https:\/\/jorgezanoni.com.br\/2019\/emdaep-avisa-sobre-paralisacao-temporaria-de-poco-perto-da-santa-casa\/","title":{"rendered":"EMDAEP avisa sobre paralisa\u00e7\u00e3o tempor\u00e1ria de po\u00e7o perto da Santa Casa"},"content":{"rendered":"<p style=\"text-align: justify;\">A empresa Neoenergia Elektro avisou a EMDAEP sobre melhorias que ser\u00e3o realizadas na rede el\u00e9trica da Rua Ipiranga, onde est\u00e1 localizado o po\u00e7o que atende aquela regi\u00e3o da cidade. Os servi\u00e7os ocorrer\u00e3o na quarta-feira (dia 11), entre 13 e 18 horas.<\/p>\n<p style=\"text-align: justify;\">Como o po\u00e7o ficar\u00e1 parado por falta de energia, a EMDAEP prev\u00ea desabastecimento de \u00e1gua no setor, mesmo com a exist\u00eancia do reservat\u00f3rio na frente do hospital. Respons\u00e1veis por resid\u00eancias e estabelecimentos comerciais devem economizar \u00e1gua na quarta-feira.<\/p>\n<p style=\"text-align: justify;\">A EMDAEP tamb\u00e9m est\u00e1 avisando a Santa Casa sobre o desligamento programado pela Neoenergia Elektro.<\/p>\n<p style=\"text-align: justify;\">Ass. Rela\u00e7\u00f5es P\u00fablicas da EMDAEP<\/p>\n","protected":false},"excerpt":{"rendered":"<p>A empresa Neoenergia Elektro avisou a EMDAEP sobre melhorias que ser\u00e3o realizadas na rede el\u00e9trica da Rua Ipiranga, onde est\u00e1 localizado o po\u00e7o que atende aquela regi\u00e3o da cidade. Os servi\u00e7os ocorrer\u00e3o na quarta-feira (dia 11), entre 13 e 18 horas. Como o po\u00e7o ficar\u00e1 parado por falta de energia, a EMDAEP prev\u00ea desabastecimento de [&hellip;]<\/p>\n","protected":false},"author":1,"featured_media":72794,"comment_status":"closed","ping_status":"open","sticky":false,"template":"","format":"standard","meta":{"footnotes":""},"categories":[179,184,110],"tags":[],"class_list":["post-72793","post","type-post","status-publish","format-standard","has-post-thumbnail","hentry","category-cidadeseregiao","category-dracena","category-noticiasdestaque"],"_links":{"self":[{"href":"https:\/\/jorgezanoni.com.br\/2019\/wp-json\/wp\/v2\/posts\/72793","targetHints":{"allow":["GET"]}}],"collection":[{"href":"https:\/\/jorgezanoni.com.br\/2019\/wp-json\/wp\/v2\/posts"}],"about":[{"href":"https:\/\/jorgezanoni.com.br\/2019\/wp-json\/wp\/v2\/types\/post"}],"author":[{"embeddable":true,"href":"https:\/\/jorgezanoni.com.br\/2019\/wp-json\/wp\/v2\/users\/1"}],"replies":[{"embeddable":true,"href":"https:\/\/jorgezanoni.com.br\/2019\/wp-json\/wp\/v2\/comments?post=72793"}],"version-history":[{"count":1,"href":"https:\/\/jorgezanoni.com.br\/2019\/wp-json\/wp\/v2\/posts\/72793\/revisions"}],"predecessor-version":[{"id":72795,"href":"https:\/\/jorgezanoni.com.br\/2019\/wp-json\/wp\/v2\/posts\/72793\/revisions\/72795"}],"wp:featuredmedia":[{"embeddable":true,"href":"https:\/\/jorgezanoni.com.br\/2019\/wp-json\/wp\/v2\/media\/72794"}],"wp:attachment":[{"href":"https:\/\/jorgezanoni.com.br\/2019\/wp-json\/wp\/v2\/media?parent=72793"}],"wp:term":[{"taxonomy":"category","embeddable":true,"href":"https:\/\/jorgezanoni.com.br\/2019\/wp-json\/wp\/v2\/categories?post=72793"},{"taxonomy":"post_tag","embeddable":true,"href":"https:\/\/jorgezanoni.com.br\/2019\/wp-json\/wp\/v2\/tags?post=72793"}],"curies":[{"name":"wp","href":"https:\/\/api.w.org\/{rel}","templated":true}]}}