{"id":72788,"date":"2023-01-09T22:11:52","date_gmt":"2023-01-09T22:11:52","guid":{"rendered":"https:\/\/jorgezanoni.com.br\/2019\/?p=72788"},"modified":"2023-01-09T22:11:52","modified_gmt":"2023-01-09T22:11:52","slug":"policia-civil-cumpre-mandado-de-prisao-da-operacao-dedo-podre-em-s-j-pau-dalho","status":"publish","type":"post","link":"https:\/\/jorgezanoni.com.br\/2019\/policia-civil-cumpre-mandado-de-prisao-da-operacao-dedo-podre-em-s-j-pau-dalho\/","title":{"rendered":"Pol\u00edcia Civil cumpre mandado de pris\u00e3o da \u201cOPERA\u00c7\u00c3O DEDO PODRE\u201d em S.J. Pau D&#8217;\u00c1lho"},"content":{"rendered":"<p style=\"text-align: justify;\"><strong>POL\u00cdCIA CIVIL CUMPRE MANDADO DE PRIS\u00c3O POR SENTEN\u00c7A DEFINITIVA RELACIONADO A \u201cOPERA\u00c7\u00c3O DEDO PODRE\u201d EM S\u00c3O JO\u00c3O DO PAULO DALHO.<\/strong><\/p>\n<p style=\"text-align: justify;\">A ordem de pris\u00e3o refere-se a pr\u00e1tica dos crimes de falsidade ideol\u00f3gica e corrup\u00e7\u00e3o ativa. O detido n\u00e3o ofereceu resist\u00eancia e foi apresentado na delegacia para formaliza\u00e7\u00e3o dos atos de pol\u00edcia judici\u00e1ria.<\/p>\n<p style=\"text-align: justify;\">A Pol\u00edcia Civil, por interm\u00e9dio da Delegacia de Pol\u00edcia de S\u00e3o Jo\u00e3o do Pau D\u00b4alho, cumpriu nesta segunda-feira (9), um mandado de pris\u00e3o preventiva por senten\u00e7a condenat\u00f3ria definitiva, em desfavor de homem, de 47 anos. A pris\u00e3o ocorreu em propriedade rural, localizada no munic\u00edpio de S\u00e3o Jo\u00e3o do Pau D\u00b4alho, e n\u00e3o houve resist\u00eancia na a\u00e7\u00e3o policial.<\/p>\n<p style=\"text-align: justify;\">A condena\u00e7\u00e3o do homem se deu em decorr\u00eancia da investiga\u00e7\u00e3o da pr\u00e1tica dos crimes de falsidade ideol\u00f3gica e corrup\u00e7\u00e3o ativa, no \u00e2mbito da Opera\u00e7\u00e3o Dedo Podre, em inqu\u00e9rito policial instaurado pelas Unidades Especializadas &#8211; DIG\/DISE, que visou identificar suspeitos de integrar uma associa\u00e7\u00e3o criminosa voltada a fraudar a emiss\u00e3o renova\u00e7\u00e3o de Carteiras Nacionais de Habilita\u00e7\u00e3o e transfer\u00eancia de pontua\u00e7\u00e3o de multas. A Opera\u00e7\u00e3o Dedo Podre totalizou a identifica\u00e7\u00e3o e o indiciamento de cerca de 350 condutores.<\/p>\n<p style=\"text-align: justify;\">O homem foi apresentado na Delegacia de Pol\u00edcia de S\u00e3o Pau D\u00b4 alho, onde foi formalizado os procedimentos de pol\u00edcia judici\u00e1ria, para posterior Audi\u00eancia de Cust\u00f3dia e encaminhamento ao sistema prisional, ficando \u00e0 disposi\u00e7\u00e3o da Justi\u00e7a.<\/p>\n<p style=\"text-align: justify;\">A ordem de pris\u00e3o foi expedida pela 2\u00aa Vara Criminal da Comarca de Dracena, cuja pena imposta em regime fechado foi de 4 anos e 9 meses de reclus\u00e3o.<\/p>\n<p>Fonte: Com. Social Pol\u00edcia Civil<\/p>\n","protected":false},"excerpt":{"rendered":"<p>POL\u00cdCIA CIVIL CUMPRE MANDADO DE PRIS\u00c3O POR SENTEN\u00c7A DEFINITIVA RELACIONADO A \u201cOPERA\u00c7\u00c3O DEDO PODRE\u201d EM S\u00c3O JO\u00c3O DO PAULO DALHO. A ordem de pris\u00e3o refere-se a pr\u00e1tica dos crimes de falsidade ideol\u00f3gica e corrup\u00e7\u00e3o ativa. O detido n\u00e3o ofereceu resist\u00eancia e foi apresentado na delegacia para formaliza\u00e7\u00e3o dos atos de pol\u00edcia judici\u00e1ria. A Pol\u00edcia Civil, [&hellip;]<\/p>\n","protected":false},"author":1,"featured_media":72791,"comment_status":"closed","ping_status":"open","sticky":false,"template":"","format":"standard","meta":{"footnotes":""},"categories":[110,2],"tags":[],"class_list":["post-72788","post","type-post","status-publish","format-standard","has-post-thumbnail","hentry","category-noticiasdestaque","category-policial"],"_links":{"self":[{"href":"https:\/\/jorgezanoni.com.br\/2019\/wp-json\/wp\/v2\/posts\/72788","targetHints":{"allow":["GET"]}}],"collection":[{"href":"https:\/\/jorgezanoni.com.br\/2019\/wp-json\/wp\/v2\/posts"}],"about":[{"href":"https:\/\/jorgezanoni.com.br\/2019\/wp-json\/wp\/v2\/types\/post"}],"author":[{"embeddable":true,"href":"https:\/\/jorgezanoni.com.br\/2019\/wp-json\/wp\/v2\/users\/1"}],"replies":[{"embeddable":true,"href":"https:\/\/jorgezanoni.com.br\/2019\/wp-json\/wp\/v2\/comments?post=72788"}],"version-history":[{"count":1,"href":"https:\/\/jorgezanoni.com.br\/2019\/wp-json\/wp\/v2\/posts\/72788\/revisions"}],"predecessor-version":[{"id":72792,"href":"https:\/\/jorgezanoni.com.br\/2019\/wp-json\/wp\/v2\/posts\/72788\/revisions\/72792"}],"wp:featuredmedia":[{"embeddable":true,"href":"https:\/\/jorgezanoni.com.br\/2019\/wp-json\/wp\/v2\/media\/72791"}],"wp:attachment":[{"href":"https:\/\/jorgezanoni.com.br\/2019\/wp-json\/wp\/v2\/media?parent=72788"}],"wp:term":[{"taxonomy":"category","embeddable":true,"href":"https:\/\/jorgezanoni.com.br\/2019\/wp-json\/wp\/v2\/categories?post=72788"},{"taxonomy":"post_tag","embeddable":true,"href":"https:\/\/jorgezanoni.com.br\/2019\/wp-json\/wp\/v2\/tags?post=72788"}],"curies":[{"name":"wp","href":"https:\/\/api.w.org\/{rel}","templated":true}]}}