{"id":72785,"date":"2023-01-09T16:22:49","date_gmt":"2023-01-09T16:22:49","guid":{"rendered":"https:\/\/jorgezanoni.com.br\/2019\/?p=72785"},"modified":"2023-01-09T16:24:45","modified_gmt":"2023-01-09T16:24:45","slug":"dracena-liquida-2-023","status":"publish","type":"post","link":"https:\/\/jorgezanoni.com.br\/2019\/dracena-liquida-2-023\/","title":{"rendered":"Dracena liquida 2.023"},"content":{"rendered":"<p style=\"text-align: justify;\">Dracena Liquida 2023<\/p>\n<p style=\"text-align: justify;\">Empres\u00e1rio, a hora \u00e9 agora!<\/p>\n<p style=\"text-align: justify;\">De 9 a 21 de janeiro, a Associa\u00e7\u00e3o Comercial movimenta o com\u00e9rcio com o Dracena Liquida, que come\u00e7ou h\u00e1 mais de 10 anos e vem se tornando tradi\u00e7\u00e3o no varejo local.<\/p>\n<p style=\"text-align: justify;\">Empres\u00e1rio e empres\u00e1ria associados, fa\u00e7a sua ades\u00e3o ao Dracena Liquida e aproveite as oportunidades de movimentar o com\u00e9rcio, aquecer as vendas, turbinar seus resultados, m\u00eddia espont\u00e2nea.<\/p>\n<p style=\"text-align: justify;\">Durante a campanha, voc\u00ea pode promover descontos que v\u00e3o at\u00e9 60% para seu cliente e aumentar seu faturamento neste in\u00edcio de 2023.<\/p>\n<p style=\"text-align: justify;\">No s\u00e1bado, 14 de janeiro, o com\u00e9rcio ficar\u00e1 aberto em hor\u00e1rio especial, das 9h \u00e0s 14h.<\/p>\n<p style=\"text-align: justify;\">Participar do Dracena Liquida \u00e9 s\u00f3 vantagem para o seu neg\u00f3cio. N\u00e3o deixe a sua empresa fora de um dos maiores eventos de vendas da cidade.<\/p>\n<p style=\"text-align: justify;\">Luciano Gerlin<br \/>\nPresidente Bi\u00eanio 2021\/2022<\/p>\n","protected":false},"excerpt":{"rendered":"<p>Dracena Liquida 2023 Empres\u00e1rio, a hora \u00e9 agora! De 9 a 21 de janeiro, a Associa\u00e7\u00e3o Comercial movimenta o com\u00e9rcio com o Dracena Liquida, que come\u00e7ou h\u00e1 mais de 10 anos e vem se tornando tradi\u00e7\u00e3o no varejo local. Empres\u00e1rio e empres\u00e1ria associados, fa\u00e7a sua ades\u00e3o ao Dracena Liquida e aproveite as oportunidades de movimentar [&hellip;]<\/p>\n","protected":false},"author":1,"featured_media":72786,"comment_status":"closed","ping_status":"open","sticky":false,"template":"","format":"standard","meta":{"footnotes":""},"categories":[114,110],"tags":[],"class_list":["post-72785","post","type-post","status-publish","format-standard","has-post-thumbnail","hentry","category-geralecomercio","category-noticiasdestaque"],"_links":{"self":[{"href":"https:\/\/jorgezanoni.com.br\/2019\/wp-json\/wp\/v2\/posts\/72785","targetHints":{"allow":["GET"]}}],"collection":[{"href":"https:\/\/jorgezanoni.com.br\/2019\/wp-json\/wp\/v2\/posts"}],"about":[{"href":"https:\/\/jorgezanoni.com.br\/2019\/wp-json\/wp\/v2\/types\/post"}],"author":[{"embeddable":true,"href":"https:\/\/jorgezanoni.com.br\/2019\/wp-json\/wp\/v2\/users\/1"}],"replies":[{"embeddable":true,"href":"https:\/\/jorgezanoni.com.br\/2019\/wp-json\/wp\/v2\/comments?post=72785"}],"version-history":[{"count":1,"href":"https:\/\/jorgezanoni.com.br\/2019\/wp-json\/wp\/v2\/posts\/72785\/revisions"}],"predecessor-version":[{"id":72787,"href":"https:\/\/jorgezanoni.com.br\/2019\/wp-json\/wp\/v2\/posts\/72785\/revisions\/72787"}],"wp:featuredmedia":[{"embeddable":true,"href":"https:\/\/jorgezanoni.com.br\/2019\/wp-json\/wp\/v2\/media\/72786"}],"wp:attachment":[{"href":"https:\/\/jorgezanoni.com.br\/2019\/wp-json\/wp\/v2\/media?parent=72785"}],"wp:term":[{"taxonomy":"category","embeddable":true,"href":"https:\/\/jorgezanoni.com.br\/2019\/wp-json\/wp\/v2\/categories?post=72785"},{"taxonomy":"post_tag","embeddable":true,"href":"https:\/\/jorgezanoni.com.br\/2019\/wp-json\/wp\/v2\/tags?post=72785"}],"curies":[{"name":"wp","href":"https:\/\/api.w.org\/{rel}","templated":true}]}}