{"id":72736,"date":"2023-01-08T12:57:46","date_gmt":"2023-01-08T12:57:46","guid":{"rendered":"https:\/\/jorgezanoni.com.br\/2019\/?p=72736"},"modified":"2023-01-08T12:57:46","modified_gmt":"2023-01-08T12:57:46","slug":"aniversariantes-do-dia-08-01-23","status":"publish","type":"post","link":"https:\/\/jorgezanoni.com.br\/2019\/aniversariantes-do-dia-08-01-23\/","title":{"rendered":"Aniversariantes do Dia 08\/01\/23"},"content":{"rendered":"<p>O SITE JZ PARABENIZA OS ANIVERSARIANTES DE HOJE:<\/p>\n<p><img loading=\"lazy\" decoding=\"async\" class=\"alignnone size-full wp-image-72737\" src=\"https:\/\/jorgezanoni.com.br\/2019\/wp-content\/uploads\/2023\/01\/Ana-Maria-Marques-de-Oliveira-1-2.jpg\" alt=\"\" width=\"700\" height=\"530\" srcset=\"https:\/\/jorgezanoni.com.br\/2019\/wp-content\/uploads\/2023\/01\/Ana-Maria-Marques-de-Oliveira-1-2.jpg 700w, https:\/\/jorgezanoni.com.br\/2019\/wp-content\/uploads\/2023\/01\/Ana-Maria-Marques-de-Oliveira-1-2-300x227.jpg 300w, https:\/\/jorgezanoni.com.br\/2019\/wp-content\/uploads\/2023\/01\/Ana-Maria-Marques-de-Oliveira-1-2-80x60.jpg 80w, https:\/\/jorgezanoni.com.br\/2019\/wp-content\/uploads\/2023\/01\/Ana-Maria-Marques-de-Oliveira-1-2-696x527.jpg 696w, https:\/\/jorgezanoni.com.br\/2019\/wp-content\/uploads\/2023\/01\/Ana-Maria-Marques-de-Oliveira-1-2-555x420.jpg 555w\" sizes=\"auto, (max-width: 700px) 100vw, 700px\" \/>Ana Maria Marques de Oliveira<\/p>\n<p><img loading=\"lazy\" decoding=\"async\" class=\"alignnone size-full wp-image-72738\" src=\"https:\/\/jorgezanoni.com.br\/2019\/wp-content\/uploads\/2023\/01\/Elizabeth-Carmo-da-Silva-2.jpg\" alt=\"\" width=\"611\" height=\"846\" srcset=\"https:\/\/jorgezanoni.com.br\/2019\/wp-content\/uploads\/2023\/01\/Elizabeth-Carmo-da-Silva-2.jpg 611w, https:\/\/jorgezanoni.com.br\/2019\/wp-content\/uploads\/2023\/01\/Elizabeth-Carmo-da-Silva-2-217x300.jpg 217w, https:\/\/jorgezanoni.com.br\/2019\/wp-content\/uploads\/2023\/01\/Elizabeth-Carmo-da-Silva-2-303x420.jpg 303w\" sizes=\"auto, (max-width: 611px) 100vw, 611px\" \/>Elizabeth Carmo Silva<\/p>\n<p><img loading=\"lazy\" decoding=\"async\" class=\"alignnone size-full wp-image-72739\" src=\"https:\/\/jorgezanoni.com.br\/2019\/wp-content\/uploads\/2023\/01\/Gledes-Paim.jpg\" alt=\"\" width=\"700\" height=\"700\" srcset=\"https:\/\/jorgezanoni.com.br\/2019\/wp-content\/uploads\/2023\/01\/Gledes-Paim.jpg 700w, https:\/\/jorgezanoni.com.br\/2019\/wp-content\/uploads\/2023\/01\/Gledes-Paim-300x300.jpg 300w, https:\/\/jorgezanoni.com.br\/2019\/wp-content\/uploads\/2023\/01\/Gledes-Paim-150x150.jpg 150w, https:\/\/jorgezanoni.com.br\/2019\/wp-content\/uploads\/2023\/01\/Gledes-Paim-696x696.jpg 696w, https:\/\/jorgezanoni.com.br\/2019\/wp-content\/uploads\/2023\/01\/Gledes-Paim-420x420.jpg 420w\" sizes=\"auto, (max-width: 700px) 100vw, 700px\" \/>Gledes Paim<\/p>\n<p><img loading=\"lazy\" decoding=\"async\" class=\"alignnone size-full wp-image-72740\" src=\"https:\/\/jorgezanoni.com.br\/2019\/wp-content\/uploads\/2023\/01\/Hellen-Karina-Brondino-Zamboni.jpg\" alt=\"\" width=\"700\" height=\"935\" srcset=\"https:\/\/jorgezanoni.com.br\/2019\/wp-content\/uploads\/2023\/01\/Hellen-Karina-Brondino-Zamboni.jpg 700w, https:\/\/jorgezanoni.com.br\/2019\/wp-content\/uploads\/2023\/01\/Hellen-Karina-Brondino-Zamboni-225x300.jpg 225w, https:\/\/jorgezanoni.com.br\/2019\/wp-content\/uploads\/2023\/01\/Hellen-Karina-Brondino-Zamboni-696x930.jpg 696w, https:\/\/jorgezanoni.com.br\/2019\/wp-content\/uploads\/2023\/01\/Hellen-Karina-Brondino-Zamboni-314x420.jpg 314w\" sizes=\"auto, (max-width: 700px) 100vw, 700px\" \/>Hellen Karina Brondino Zamboni<\/p>\n<p><img loading=\"lazy\" decoding=\"async\" class=\"alignnone size-full wp-image-72741\" src=\"https:\/\/jorgezanoni.com.br\/2019\/wp-content\/uploads\/2023\/01\/Inez-Polidoro-de-Souza.jpg\" alt=\"\" width=\"406\" height=\"406\" srcset=\"https:\/\/jorgezanoni.com.br\/2019\/wp-content\/uploads\/2023\/01\/Inez-Polidoro-de-Souza.jpg 406w, https:\/\/jorgezanoni.com.br\/2019\/wp-content\/uploads\/2023\/01\/Inez-Polidoro-de-Souza-300x300.jpg 300w, https:\/\/jorgezanoni.com.br\/2019\/wp-content\/uploads\/2023\/01\/Inez-Polidoro-de-Souza-150x150.jpg 150w\" sizes=\"auto, (max-width: 406px) 100vw, 406px\" \/>Inez Polidoro de Souza<\/p>\n<p><img loading=\"lazy\" decoding=\"async\" class=\"alignnone size-full wp-image-72742\" src=\"https:\/\/jorgezanoni.com.br\/2019\/wp-content\/uploads\/2023\/01\/Joyce-Haddad-2.jpg\" alt=\"\" width=\"525\" height=\"903\" srcset=\"https:\/\/jorgezanoni.com.br\/2019\/wp-content\/uploads\/2023\/01\/Joyce-Haddad-2.jpg 525w, https:\/\/jorgezanoni.com.br\/2019\/wp-content\/uploads\/2023\/01\/Joyce-Haddad-2-174x300.jpg 174w, https:\/\/jorgezanoni.com.br\/2019\/wp-content\/uploads\/2023\/01\/Joyce-Haddad-2-244x420.jpg 244w\" sizes=\"auto, (max-width: 525px) 100vw, 525px\" \/>Joyce Haddad<\/p>\n<p><img loading=\"lazy\" decoding=\"async\" class=\"alignnone size-full wp-image-72743\" src=\"https:\/\/jorgezanoni.com.br\/2019\/wp-content\/uploads\/2023\/01\/Marciana-Rodrigues.jpg\" alt=\"\" width=\"700\" height=\"700\" srcset=\"https:\/\/jorgezanoni.com.br\/2019\/wp-content\/uploads\/2023\/01\/Marciana-Rodrigues.jpg 700w, https:\/\/jorgezanoni.com.br\/2019\/wp-content\/uploads\/2023\/01\/Marciana-Rodrigues-300x300.jpg 300w, https:\/\/jorgezanoni.com.br\/2019\/wp-content\/uploads\/2023\/01\/Marciana-Rodrigues-150x150.jpg 150w, https:\/\/jorgezanoni.com.br\/2019\/wp-content\/uploads\/2023\/01\/Marciana-Rodrigues-696x696.jpg 696w, https:\/\/jorgezanoni.com.br\/2019\/wp-content\/uploads\/2023\/01\/Marciana-Rodrigues-420x420.jpg 420w\" sizes=\"auto, (max-width: 700px) 100vw, 700px\" \/>Marciana Rodrigues<\/p>\n<p><img loading=\"lazy\" decoding=\"async\" class=\"alignnone size-full wp-image-72744\" src=\"https:\/\/jorgezanoni.com.br\/2019\/wp-content\/uploads\/2023\/01\/Marina-Veiga.jpg\" alt=\"\" width=\"295\" height=\"310\" srcset=\"https:\/\/jorgezanoni.com.br\/2019\/wp-content\/uploads\/2023\/01\/Marina-Veiga.jpg 295w, https:\/\/jorgezanoni.com.br\/2019\/wp-content\/uploads\/2023\/01\/Marina-Veiga-285x300.jpg 285w\" sizes=\"auto, (max-width: 295px) 100vw, 295px\" \/>Marina Veiga<\/p>\n<p><img loading=\"lazy\" decoding=\"async\" class=\"alignnone size-full wp-image-72745\" src=\"https:\/\/jorgezanoni.com.br\/2019\/wp-content\/uploads\/2023\/01\/Micheli-Crepaldi-Penha.jpg\" alt=\"\" width=\"720\" height=\"720\" srcset=\"https:\/\/jorgezanoni.com.br\/2019\/wp-content\/uploads\/2023\/01\/Micheli-Crepaldi-Penha.jpg 720w, https:\/\/jorgezanoni.com.br\/2019\/wp-content\/uploads\/2023\/01\/Micheli-Crepaldi-Penha-300x300.jpg 300w, https:\/\/jorgezanoni.com.br\/2019\/wp-content\/uploads\/2023\/01\/Micheli-Crepaldi-Penha-150x150.jpg 150w, https:\/\/jorgezanoni.com.br\/2019\/wp-content\/uploads\/2023\/01\/Micheli-Crepaldi-Penha-696x696.jpg 696w, https:\/\/jorgezanoni.com.br\/2019\/wp-content\/uploads\/2023\/01\/Micheli-Crepaldi-Penha-420x420.jpg 420w\" sizes=\"auto, (max-width: 720px) 100vw, 720px\" \/>Michele Crepaldi Penha<\/p>\n<p><img loading=\"lazy\" decoding=\"async\" class=\"alignnone size-full wp-image-72746\" src=\"https:\/\/jorgezanoni.com.br\/2019\/wp-content\/uploads\/2023\/01\/Milena-Pereira-Freire-2.jpg\" alt=\"\" width=\"700\" height=\"918\" srcset=\"https:\/\/jorgezanoni.com.br\/2019\/wp-content\/uploads\/2023\/01\/Milena-Pereira-Freire-2.jpg 700w, https:\/\/jorgezanoni.com.br\/2019\/wp-content\/uploads\/2023\/01\/Milena-Pereira-Freire-2-229x300.jpg 229w, https:\/\/jorgezanoni.com.br\/2019\/wp-content\/uploads\/2023\/01\/Milena-Pereira-Freire-2-696x913.jpg 696w, https:\/\/jorgezanoni.com.br\/2019\/wp-content\/uploads\/2023\/01\/Milena-Pereira-Freire-2-320x420.jpg 320w\" sizes=\"auto, (max-width: 700px) 100vw, 700px\" \/>Milena Pereira Freire<\/p>\n<p><img loading=\"lazy\" decoding=\"async\" class=\"alignnone size-full wp-image-72747\" src=\"https:\/\/jorgezanoni.com.br\/2019\/wp-content\/uploads\/2023\/01\/Suzi-Meire-dos-Saantos-Damacena.jpg\" alt=\"\" width=\"720\" height=\"1296\" srcset=\"https:\/\/jorgezanoni.com.br\/2019\/wp-content\/uploads\/2023\/01\/Suzi-Meire-dos-Saantos-Damacena.jpg 720w, https:\/\/jorgezanoni.com.br\/2019\/wp-content\/uploads\/2023\/01\/Suzi-Meire-dos-Saantos-Damacena-167x300.jpg 167w, https:\/\/jorgezanoni.com.br\/2019\/wp-content\/uploads\/2023\/01\/Suzi-Meire-dos-Saantos-Damacena-569x1024.jpg 569w, https:\/\/jorgezanoni.com.br\/2019\/wp-content\/uploads\/2023\/01\/Suzi-Meire-dos-Saantos-Damacena-696x1253.jpg 696w, https:\/\/jorgezanoni.com.br\/2019\/wp-content\/uploads\/2023\/01\/Suzi-Meire-dos-Saantos-Damacena-233x420.jpg 233w\" sizes=\"auto, (max-width: 720px) 100vw, 720px\" \/>Suzi Meire dos Santos Damacena<\/p>\n<p><img loading=\"lazy\" decoding=\"async\" class=\"alignnone size-full wp-image-72748\" src=\"https:\/\/jorgezanoni.com.br\/2019\/wp-content\/uploads\/2023\/01\/Tatiane-Oliveira.jpg\" alt=\"\" width=\"700\" height=\"703\" srcset=\"https:\/\/jorgezanoni.com.br\/2019\/wp-content\/uploads\/2023\/01\/Tatiane-Oliveira.jpg 700w, https:\/\/jorgezanoni.com.br\/2019\/wp-content\/uploads\/2023\/01\/Tatiane-Oliveira-300x300.jpg 300w, https:\/\/jorgezanoni.com.br\/2019\/wp-content\/uploads\/2023\/01\/Tatiane-Oliveira-150x150.jpg 150w, https:\/\/jorgezanoni.com.br\/2019\/wp-content\/uploads\/2023\/01\/Tatiane-Oliveira-696x699.jpg 696w, https:\/\/jorgezanoni.com.br\/2019\/wp-content\/uploads\/2023\/01\/Tatiane-Oliveira-418x420.jpg 418w\" sizes=\"auto, (max-width: 700px) 100vw, 700px\" \/>Tatiane Oliveira<\/p>\n<p><img loading=\"lazy\" decoding=\"async\" class=\"alignnone size-full wp-image-72749\" src=\"https:\/\/jorgezanoni.com.br\/2019\/wp-content\/uploads\/2023\/01\/Vana-Maria-Exaltacao-Jesuino-2.jpg\" alt=\"\" width=\"560\" height=\"1038\" srcset=\"https:\/\/jorgezanoni.com.br\/2019\/wp-content\/uploads\/2023\/01\/Vana-Maria-Exaltacao-Jesuino-2.jpg 560w, https:\/\/jorgezanoni.com.br\/2019\/wp-content\/uploads\/2023\/01\/Vana-Maria-Exaltacao-Jesuino-2-162x300.jpg 162w, https:\/\/jorgezanoni.com.br\/2019\/wp-content\/uploads\/2023\/01\/Vana-Maria-Exaltacao-Jesuino-2-552x1024.jpg 552w, https:\/\/jorgezanoni.com.br\/2019\/wp-content\/uploads\/2023\/01\/Vana-Maria-Exaltacao-Jesuino-2-227x420.jpg 227w\" sizes=\"auto, (max-width: 560px) 100vw, 560px\" \/>V\u00e2nia Maria Exalta\u00e7\u00e3o Jesuino<\/p>\n","protected":false},"excerpt":{"rendered":"<p>O SITE JZ PARABENIZA OS ANIVERSARIANTES DE HOJE: Ana Maria Marques de Oliveira Elizabeth Carmo Silva Gledes Paim Hellen Karina Brondino Zamboni Inez Polidoro de Souza Joyce Haddad Marciana Rodrigues Marina Veiga Michele Crepaldi Penha Milena Pereira Freire Suzi Meire dos Santos Damacena Tatiane Oliveira V\u00e2nia Maria Exalta\u00e7\u00e3o Jesuino<\/p>\n","protected":false},"author":1,"featured_media":72742,"comment_status":"closed","ping_status":"open","sticky":false,"template":"","format":"standard","meta":{"footnotes":""},"categories":[174,110],"tags":[],"class_list":["post-72736","post","type-post","status-publish","format-standard","has-post-thumbnail","hentry","category-aniversariantes","category-noticiasdestaque"],"_links":{"self":[{"href":"https:\/\/jorgezanoni.com.br\/2019\/wp-json\/wp\/v2\/posts\/72736","targetHints":{"allow":["GET"]}}],"collection":[{"href":"https:\/\/jorgezanoni.com.br\/2019\/wp-json\/wp\/v2\/posts"}],"about":[{"href":"https:\/\/jorgezanoni.com.br\/2019\/wp-json\/wp\/v2\/types\/post"}],"author":[{"embeddable":true,"href":"https:\/\/jorgezanoni.com.br\/2019\/wp-json\/wp\/v2\/users\/1"}],"replies":[{"embeddable":true,"href":"https:\/\/jorgezanoni.com.br\/2019\/wp-json\/wp\/v2\/comments?post=72736"}],"version-history":[{"count":1,"href":"https:\/\/jorgezanoni.com.br\/2019\/wp-json\/wp\/v2\/posts\/72736\/revisions"}],"predecessor-version":[{"id":72751,"href":"https:\/\/jorgezanoni.com.br\/2019\/wp-json\/wp\/v2\/posts\/72736\/revisions\/72751"}],"wp:featuredmedia":[{"embeddable":true,"href":"https:\/\/jorgezanoni.com.br\/2019\/wp-json\/wp\/v2\/media\/72742"}],"wp:attachment":[{"href":"https:\/\/jorgezanoni.com.br\/2019\/wp-json\/wp\/v2\/media?parent=72736"}],"wp:term":[{"taxonomy":"category","embeddable":true,"href":"https:\/\/jorgezanoni.com.br\/2019\/wp-json\/wp\/v2\/categories?post=72736"},{"taxonomy":"post_tag","embeddable":true,"href":"https:\/\/jorgezanoni.com.br\/2019\/wp-json\/wp\/v2\/tags?post=72736"}],"curies":[{"name":"wp","href":"https:\/\/api.w.org\/{rel}","templated":true}]}}